{"id":935,"date":"2022-09-06T19:36:13","date_gmt":"2022-09-06T19:36:13","guid":{"rendered":"https:\/\/awo-niederaussem.de\/?p=935"},"modified":"2024-07-19T05:17:06","modified_gmt":"2024-07-19T05:17:06","slug":"wir-machen-mit-beim-stadtradeln","status":"publish","type":"post","link":"https:\/\/awo-niederaussem.de\/?p=935","title":{"rendered":"Wir machten mit beim Stadtradeln 2022!"},"content":{"rendered":"\n<p><strong>Hier die erste Tour am Starttag 9. September<\/strong><\/p>\n\n\n\n<figure class=\"wp-block-image size-large is-resized\"><img loading=\"lazy\" decoding=\"async\" src=\"https:\/\/awo-niederaussem.de\/wp-content\/uploads\/2022\/09\/2022-09-09-Tour-1-Stadtradeln-1-1024x724.jpg\" alt=\"\" class=\"wp-image-936\" width=\"689\" height=\"486\" srcset=\"https:\/\/awo-niederaussem.de\/wp-content\/uploads\/2022\/09\/2022-09-09-Tour-1-Stadtradeln-1-1024x724.jpg 1024w, https:\/\/awo-niederaussem.de\/wp-content\/uploads\/2022\/09\/2022-09-09-Tour-1-Stadtradeln-1-300x212.jpg 300w, https:\/\/awo-niederaussem.de\/wp-content\/uploads\/2022\/09\/2022-09-09-Tour-1-Stadtradeln-1-768x543.jpg 768w, https:\/\/awo-niederaussem.de\/wp-content\/uploads\/2022\/09\/2022-09-09-Tour-1-Stadtradeln-1-1536x1085.jpg 1536w, https:\/\/awo-niederaussem.de\/wp-content\/uploads\/2022\/09\/2022-09-09-Tour-1-Stadtradeln-1.jpg 1684w\" sizes=\"auto, (max-width: 689px) 100vw, 689px\" \/><\/figure>\n\n\n\n<figure class=\"wp-block-gallery has-nested-images columns-1 is-cropped wp-block-gallery-1 is-layout-flex wp-block-gallery-is-layout-flex\">\n<figure class=\"wp-block-image size-large\"><img loading=\"lazy\" decoding=\"async\" width=\"1024\" height=\"577\" data-id=\"948\" src=\"https:\/\/awo-niederaussem.de\/wp-content\/uploads\/2022\/09\/2022-09-09-Tour-1-Stadtradeln-1-1-1024x577.jpg\" alt=\"\" class=\"wp-image-948\" srcset=\"https:\/\/awo-niederaussem.de\/wp-content\/uploads\/2022\/09\/2022-09-09-Tour-1-Stadtradeln-1-1-1024x577.jpg 1024w, https:\/\/awo-niederaussem.de\/wp-content\/uploads\/2022\/09\/2022-09-09-Tour-1-Stadtradeln-1-1-300x169.jpg 300w, https:\/\/awo-niederaussem.de\/wp-content\/uploads\/2022\/09\/2022-09-09-Tour-1-Stadtradeln-1-1-768x432.jpg 768w, https:\/\/awo-niederaussem.de\/wp-content\/uploads\/2022\/09\/2022-09-09-Tour-1-Stadtradeln-1-1-1536x865.jpg 1536w, https:\/\/awo-niederaussem.de\/wp-content\/uploads\/2022\/09\/2022-09-09-Tour-1-Stadtradeln-1-1-2048x1153.jpg 2048w\" sizes=\"auto, (max-width: 1024px) 100vw, 1024px\" \/><figcaption>Sieht schlimm aus, ist es aber nicht. Trocken geblieben<\/figcaption><\/figure>\n\n\n\n<figure class=\"wp-block-image size-large\"><img loading=\"lazy\" decoding=\"async\" width=\"1024\" height=\"614\" data-id=\"949\" src=\"https:\/\/awo-niederaussem.de\/wp-content\/uploads\/2022\/09\/2022-09-09-Tour-1-Stadtradeln-2-1024x614.jpg\" alt=\"\" class=\"wp-image-949\" srcset=\"https:\/\/awo-niederaussem.de\/wp-content\/uploads\/2022\/09\/2022-09-09-Tour-1-Stadtradeln-2-1024x614.jpg 1024w, https:\/\/awo-niederaussem.de\/wp-content\/uploads\/2022\/09\/2022-09-09-Tour-1-Stadtradeln-2-300x180.jpg 300w, https:\/\/awo-niederaussem.de\/wp-content\/uploads\/2022\/09\/2022-09-09-Tour-1-Stadtradeln-2-768x461.jpg 768w, https:\/\/awo-niederaussem.de\/wp-content\/uploads\/2022\/09\/2022-09-09-Tour-1-Stadtradeln-2-1536x921.jpg 1536w, https:\/\/awo-niederaussem.de\/wp-content\/uploads\/2022\/09\/2022-09-09-Tour-1-Stadtradeln-2-2048x1228.jpg 2048w\" sizes=\"auto, (max-width: 1024px) 100vw, 1024px\" \/><\/figure>\n\n\n\n<figure class=\"wp-block-image size-large\"><img loading=\"lazy\" decoding=\"async\" width=\"1024\" height=\"661\" data-id=\"950\" src=\"https:\/\/awo-niederaussem.de\/wp-content\/uploads\/2022\/09\/2022-09-09-Tour-1-Stadtradeln-5-1024x661.jpg\" alt=\"\" class=\"wp-image-950\" srcset=\"https:\/\/awo-niederaussem.de\/wp-content\/uploads\/2022\/09\/2022-09-09-Tour-1-Stadtradeln-5-1024x661.jpg 1024w, https:\/\/awo-niederaussem.de\/wp-content\/uploads\/2022\/09\/2022-09-09-Tour-1-Stadtradeln-5-300x194.jpg 300w, https:\/\/awo-niederaussem.de\/wp-content\/uploads\/2022\/09\/2022-09-09-Tour-1-Stadtradeln-5-768x496.jpg 768w, https:\/\/awo-niederaussem.de\/wp-content\/uploads\/2022\/09\/2022-09-09-Tour-1-Stadtradeln-5-1536x991.jpg 1536w, https:\/\/awo-niederaussem.de\/wp-content\/uploads\/2022\/09\/2022-09-09-Tour-1-Stadtradeln-5-2048x1322.jpg 2048w\" sizes=\"auto, (max-width: 1024px) 100vw, 1024px\" \/><figcaption>Kleine Gruppe, aber hoch motiviert und lustig<\/figcaption><\/figure>\n\n\n\n<figure class=\"wp-block-image size-large\"><img loading=\"lazy\" decoding=\"async\" width=\"1024\" height=\"576\" data-id=\"947\" src=\"https:\/\/awo-niederaussem.de\/wp-content\/uploads\/2022\/09\/2022-09-09-Tour-1-Stadtradeln-7-1024x576.jpg\" alt=\"\" class=\"wp-image-947\" srcset=\"https:\/\/awo-niederaussem.de\/wp-content\/uploads\/2022\/09\/2022-09-09-Tour-1-Stadtradeln-7-1024x576.jpg 1024w, https:\/\/awo-niederaussem.de\/wp-content\/uploads\/2022\/09\/2022-09-09-Tour-1-Stadtradeln-7-300x169.jpg 300w, https:\/\/awo-niederaussem.de\/wp-content\/uploads\/2022\/09\/2022-09-09-Tour-1-Stadtradeln-7-768x432.jpg 768w, https:\/\/awo-niederaussem.de\/wp-content\/uploads\/2022\/09\/2022-09-09-Tour-1-Stadtradeln-7-1536x865.jpg 1536w, https:\/\/awo-niederaussem.de\/wp-content\/uploads\/2022\/09\/2022-09-09-Tour-1-Stadtradeln-7-2048x1153.jpg 2048w\" sizes=\"auto, (max-width: 1024px) 100vw, 1024px\" \/><figcaption>Lust bekommen, vorbeikommen und mitfahren<\/figcaption><\/figure>\n<\/figure>\n\n\n\n<figure class=\"wp-block-image size-large\"><img loading=\"lazy\" decoding=\"async\" width=\"1024\" height=\"724\" src=\"https:\/\/awo-niederaussem.de\/wp-content\/uploads\/2022\/09\/2022-09-12-Tour-2-Stadtradeln-1024x724.jpg\" alt=\"\" class=\"wp-image-941\" srcset=\"https:\/\/awo-niederaussem.de\/wp-content\/uploads\/2022\/09\/2022-09-12-Tour-2-Stadtradeln-1024x724.jpg 1024w, https:\/\/awo-niederaussem.de\/wp-content\/uploads\/2022\/09\/2022-09-12-Tour-2-Stadtradeln-300x212.jpg 300w, https:\/\/awo-niederaussem.de\/wp-content\/uploads\/2022\/09\/2022-09-12-Tour-2-Stadtradeln-768x543.jpg 768w, https:\/\/awo-niederaussem.de\/wp-content\/uploads\/2022\/09\/2022-09-12-Tour-2-Stadtradeln-1536x1086.jpg 1536w, https:\/\/awo-niederaussem.de\/wp-content\/uploads\/2022\/09\/2022-09-12-Tour-2-Stadtradeln-rotated.jpg 1754w\" sizes=\"auto, (max-width: 1024px) 100vw, 1024px\" \/><\/figure>\n\n\n\n<figure class=\"wp-block-gallery has-nested-images columns-1 is-cropped wp-block-gallery-2 is-layout-flex wp-block-gallery-is-layout-flex\">\n<figure class=\"wp-block-image size-full\"><img loading=\"lazy\" decoding=\"async\" width=\"800\" height=\"499\" data-id=\"957\" src=\"https:\/\/awo-niederaussem.de\/wp-content\/uploads\/2022\/09\/k-20220912_161855.jpg\" alt=\"\" class=\"wp-image-957\" srcset=\"https:\/\/awo-niederaussem.de\/wp-content\/uploads\/2022\/09\/k-20220912_161855.jpg 800w, https:\/\/awo-niederaussem.de\/wp-content\/uploads\/2022\/09\/k-20220912_161855-300x187.jpg 300w, https:\/\/awo-niederaussem.de\/wp-content\/uploads\/2022\/09\/k-20220912_161855-768x479.jpg 768w\" sizes=\"auto, (max-width: 800px) 100vw, 800px\" \/><\/figure>\n\n\n\n<figure class=\"wp-block-image size-full\"><img loading=\"lazy\" decoding=\"async\" width=\"800\" height=\"505\" data-id=\"958\" src=\"https:\/\/awo-niederaussem.de\/wp-content\/uploads\/2022\/09\/k-20220912_165240.jpg\" alt=\"\" class=\"wp-image-958\" srcset=\"https:\/\/awo-niederaussem.de\/wp-content\/uploads\/2022\/09\/k-20220912_165240.jpg 800w, https:\/\/awo-niederaussem.de\/wp-content\/uploads\/2022\/09\/k-20220912_165240-300x189.jpg 300w, https:\/\/awo-niederaussem.de\/wp-content\/uploads\/2022\/09\/k-20220912_165240-768x485.jpg 768w\" sizes=\"auto, (max-width: 800px) 100vw, 800px\" \/><\/figure>\n\n\n\n<figure class=\"wp-block-image size-full\"><img loading=\"lazy\" decoding=\"async\" width=\"800\" height=\"450\" data-id=\"955\" src=\"https:\/\/awo-niederaussem.de\/wp-content\/uploads\/2022\/09\/k-20220912_165253.jpg\" alt=\"\" class=\"wp-image-955\" srcset=\"https:\/\/awo-niederaussem.de\/wp-content\/uploads\/2022\/09\/k-20220912_165253.jpg 800w, https:\/\/awo-niederaussem.de\/wp-content\/uploads\/2022\/09\/k-20220912_165253-300x169.jpg 300w, https:\/\/awo-niederaussem.de\/wp-content\/uploads\/2022\/09\/k-20220912_165253-768x432.jpg 768w\" sizes=\"auto, (max-width: 800px) 100vw, 800px\" \/><\/figure>\n\n\n\n<figure class=\"wp-block-image size-full\"><img loading=\"lazy\" decoding=\"async\" width=\"800\" height=\"450\" data-id=\"956\" src=\"https:\/\/awo-niederaussem.de\/wp-content\/uploads\/2022\/09\/k-20220912_182540-Kopie.jpg\" alt=\"\" class=\"wp-image-956\" srcset=\"https:\/\/awo-niederaussem.de\/wp-content\/uploads\/2022\/09\/k-20220912_182540-Kopie.jpg 800w, https:\/\/awo-niederaussem.de\/wp-content\/uploads\/2022\/09\/k-20220912_182540-Kopie-300x169.jpg 300w, https:\/\/awo-niederaussem.de\/wp-content\/uploads\/2022\/09\/k-20220912_182540-Kopie-768x432.jpg 768w\" sizes=\"auto, (max-width: 800px) 100vw, 800px\" \/><\/figure>\n<\/figure>\n\n\n\n<figure class=\"wp-block-image size-large\"><img loading=\"lazy\" decoding=\"async\" width=\"1024\" height=\"724\" src=\"https:\/\/awo-niederaussem.de\/wp-content\/uploads\/2022\/09\/2022-09-17-Tour-3-Stadtradeln-1024x724.jpg\" alt=\"\" class=\"wp-image-943\" srcset=\"https:\/\/awo-niederaussem.de\/wp-content\/uploads\/2022\/09\/2022-09-17-Tour-3-Stadtradeln-1024x724.jpg 1024w, https:\/\/awo-niederaussem.de\/wp-content\/uploads\/2022\/09\/2022-09-17-Tour-3-Stadtradeln-300x212.jpg 300w, https:\/\/awo-niederaussem.de\/wp-content\/uploads\/2022\/09\/2022-09-17-Tour-3-Stadtradeln-768x543.jpg 768w, https:\/\/awo-niederaussem.de\/wp-content\/uploads\/2022\/09\/2022-09-17-Tour-3-Stadtradeln-1536x1086.jpg 1536w, https:\/\/awo-niederaussem.de\/wp-content\/uploads\/2022\/09\/2022-09-17-Tour-3-Stadtradeln-rotated.jpg 1754w\" sizes=\"auto, (max-width: 1024px) 100vw, 1024px\" \/><\/figure>\n\n\n\n<figure class=\"wp-block-gallery has-nested-images columns-1 is-cropped wp-block-gallery-3 is-layout-flex wp-block-gallery-is-layout-flex\">\n<figure class=\"wp-block-image size-full\"><img loading=\"lazy\" decoding=\"async\" width=\"726\" height=\"408\" data-id=\"967\" src=\"https:\/\/awo-niederaussem.de\/wp-content\/uploads\/2022\/09\/k-20220917_134717.jpg\" alt=\"\" class=\"wp-image-967\" srcset=\"https:\/\/awo-niederaussem.de\/wp-content\/uploads\/2022\/09\/k-20220917_134717.jpg 726w, https:\/\/awo-niederaussem.de\/wp-content\/uploads\/2022\/09\/k-20220917_134717-300x169.jpg 300w\" sizes=\"auto, (max-width: 726px) 100vw, 726px\" \/><figcaption>Bushaltestelle, gut zum Unterstellen<\/figcaption><\/figure>\n\n\n\n<figure class=\"wp-block-image size-full\"><img loading=\"lazy\" decoding=\"async\" width=\"800\" height=\"450\" data-id=\"964\" src=\"https:\/\/awo-niederaussem.de\/wp-content\/uploads\/2022\/09\/k-20220917_134736.jpg\" alt=\"\" class=\"wp-image-964\" srcset=\"https:\/\/awo-niederaussem.de\/wp-content\/uploads\/2022\/09\/k-20220917_134736.jpg 800w, https:\/\/awo-niederaussem.de\/wp-content\/uploads\/2022\/09\/k-20220917_134736-300x169.jpg 300w, https:\/\/awo-niederaussem.de\/wp-content\/uploads\/2022\/09\/k-20220917_134736-768x432.jpg 768w\" sizes=\"auto, (max-width: 800px) 100vw, 800px\" \/><figcaption>Schlechtes Wetter<\/figcaption><\/figure>\n\n\n\n<figure class=\"wp-block-image size-full\"><img loading=\"lazy\" decoding=\"async\" width=\"800\" height=\"450\" data-id=\"962\" src=\"https:\/\/awo-niederaussem.de\/wp-content\/uploads\/2022\/09\/k-20220917_134749.jpg\" alt=\"\" class=\"wp-image-962\" srcset=\"https:\/\/awo-niederaussem.de\/wp-content\/uploads\/2022\/09\/k-20220917_134749.jpg 800w, https:\/\/awo-niederaussem.de\/wp-content\/uploads\/2022\/09\/k-20220917_134749-300x169.jpg 300w, https:\/\/awo-niederaussem.de\/wp-content\/uploads\/2022\/09\/k-20220917_134749-768x432.jpg 768w\" sizes=\"auto, (max-width: 800px) 100vw, 800px\" \/><figcaption>Gutes Wetter<\/figcaption><\/figure>\n\n\n\n<figure class=\"wp-block-image size-full\"><img loading=\"lazy\" decoding=\"async\" width=\"800\" height=\"450\" data-id=\"963\" src=\"https:\/\/awo-niederaussem.de\/wp-content\/uploads\/2022\/09\/k-20220917_152122.jpg\" alt=\"\" class=\"wp-image-963\" srcset=\"https:\/\/awo-niederaussem.de\/wp-content\/uploads\/2022\/09\/k-20220917_152122.jpg 800w, https:\/\/awo-niederaussem.de\/wp-content\/uploads\/2022\/09\/k-20220917_152122-300x169.jpg 300w, https:\/\/awo-niederaussem.de\/wp-content\/uploads\/2022\/09\/k-20220917_152122-768x432.jpg 768w\" sizes=\"auto, (max-width: 800px) 100vw, 800px\" \/><figcaption>Fahrrad fott, Bobby Car geht auch<\/figcaption><\/figure>\n\n\n\n<figure class=\"wp-block-image size-full\"><img loading=\"lazy\" decoding=\"async\" width=\"800\" height=\"450\" data-id=\"965\" src=\"https:\/\/awo-niederaussem.de\/wp-content\/uploads\/2022\/09\/k-20220917_160609.jpg\" alt=\"\" class=\"wp-image-965\" srcset=\"https:\/\/awo-niederaussem.de\/wp-content\/uploads\/2022\/09\/k-20220917_160609.jpg 800w, https:\/\/awo-niederaussem.de\/wp-content\/uploads\/2022\/09\/k-20220917_160609-300x169.jpg 300w, https:\/\/awo-niederaussem.de\/wp-content\/uploads\/2022\/09\/k-20220917_160609-768x432.jpg 768w\" sizes=\"auto, (max-width: 800px) 100vw, 800px\" \/><figcaption>Oberau\u00dfem, 25 Jahre <\/figcaption><\/figure>\n\n\n\n<figure class=\"wp-block-image size-full\"><img loading=\"lazy\" decoding=\"async\" width=\"800\" height=\"450\" data-id=\"966\" src=\"https:\/\/awo-niederaussem.de\/wp-content\/uploads\/2022\/09\/k-20220917_160614.jpg\" alt=\"\" class=\"wp-image-966\" srcset=\"https:\/\/awo-niederaussem.de\/wp-content\/uploads\/2022\/09\/k-20220917_160614.jpg 800w, https:\/\/awo-niederaussem.de\/wp-content\/uploads\/2022\/09\/k-20220917_160614-300x169.jpg 300w, https:\/\/awo-niederaussem.de\/wp-content\/uploads\/2022\/09\/k-20220917_160614-768x432.jpg 768w\" sizes=\"auto, (max-width: 800px) 100vw, 800px\" \/><figcaption>Einkehr zum Abschluss<\/figcaption><\/figure>\n<\/figure>\n\n\n\n<h2 class=\"has-medium-font-size wp-block-heading\"><\/h2>\n\n\n\n<p class=\"has-large-font-size\">Das Stadtradeln endete am 29. September. Es wurden \u00fcber 4700 Kilometer mit 18 Mitgliedern geradelt. Stand Sonntag den 2. Oktober. <\/p>\n\n\n\n<p class=\"has-large-font-size\">Damit liegt unser Ortsverein auf dem 5. Platz in der Gesamtwertung und bei den Vereinen an zweiter Stelle. Ein Ergebnis das sich sehen l\u00e4st. Vielen Dank an alle Teilnehmer die f\u00fcr uns geradelt sind. Im n\u00e4chsten Jahr sind wir wieder dabei.<\/p>\n","protected":false},"excerpt":{"rendered":"<p>Hier die erste Tour am Starttag 9. September Das Stadtradeln endete am 29. September. Es wurden \u00fcber 4700 Kilometer mit 18 Mitgliedern geradelt. Stand Sonntag den 2. Oktober. Damit liegt unser Ortsverein auf dem 5. Platz in der Gesamtwertung und bei den Vereinen an zweiter Stelle. Ein Ergebnis das sich sehen l\u00e4st. Vielen Dank an [&hellip;]<\/p>\n","protected":false},"author":1,"featured_media":0,"comment_status":"closed","ping_status":"closed","sticky":false,"template":"","format":"standard","meta":{"footnotes":""},"categories":[14],"tags":[],"class_list":["post-935","post","type-post","status-publish","format-standard","hentry","category-archiv"],"_links":{"self":[{"href":"https:\/\/awo-niederaussem.de\/index.php?rest_route=\/wp\/v2\/posts\/935","targetHints":{"allow":["GET"]}}],"collection":[{"href":"https:\/\/awo-niederaussem.de\/index.php?rest_route=\/wp\/v2\/posts"}],"about":[{"href":"https:\/\/awo-niederaussem.de\/index.php?rest_route=\/wp\/v2\/types\/post"}],"author":[{"embeddable":true,"href":"https:\/\/awo-niederaussem.de\/index.php?rest_route=\/wp\/v2\/users\/1"}],"replies":[{"embeddable":true,"href":"https:\/\/awo-niederaussem.de\/index.php?rest_route=%2Fwp%2Fv2%2Fcomments&post=935"}],"version-history":[{"count":10,"href":"https:\/\/awo-niederaussem.de\/index.php?rest_route=\/wp\/v2\/posts\/935\/revisions"}],"predecessor-version":[{"id":991,"href":"https:\/\/awo-niederaussem.de\/index.php?rest_route=\/wp\/v2\/posts\/935\/revisions\/991"}],"wp:attachment":[{"href":"https:\/\/awo-niederaussem.de\/index.php?rest_route=%2Fwp%2Fv2%2Fmedia&parent=935"}],"wp:term":[{"taxonomy":"category","embeddable":true,"href":"https:\/\/awo-niederaussem.de\/index.php?rest_route=%2Fwp%2Fv2%2Fcategories&post=935"},{"taxonomy":"post_tag","embeddable":true,"href":"https:\/\/awo-niederaussem.de\/index.php?rest_route=%2Fwp%2Fv2%2Ftags&post=935"}],"curies":[{"name":"wp","href":"https:\/\/api.w.org\/{rel}","templated":true}]}}