{"id":924,"date":"2022-09-25T10:39:00","date_gmt":"2022-09-25T10:39:00","guid":{"rendered":"https:\/\/awo-niederaussem.de\/?p=924"},"modified":"2024-02-29T20:20:05","modified_gmt":"2024-02-29T20:20:05","slug":"einladung-zur-jahresabschlussfahrt","status":"publish","type":"post","link":"https:\/\/awo-niederaussem.de\/?p=924","title":{"rendered":"Jahresabschlussfahrt"},"content":{"rendered":"\n<p class=\"has-large-font-size\">Zusammenfassung unserer Jahresabschlussfahrt an die Mosel.<\/p>\n\n\n\n<p>Mit 49 Personen war der Bus bis auf den letzten Platz besetzt. P\u00fcnktlich um 8:00 Uhr erfolgte die Abfahrt von der &#8222;Gr\u00fcnen Lunge&#8220; Dormagener Stra\u00dfe nach Bernkastell zum Schiffsanleger. Da wir die Strecke \u00fcber die Autobahn A1 gew\u00e4hlt hatten, kamen wir in den Genu\u00df durch sch\u00f6ne Eifeld\u00f6rfer zu fahren. Nach einer kleinen Pause am Rasthof Eifel-West erreichten wir p\u00fcnktlich unser Schiff, die Moselperle, in Bernkastell. Um 11:15 legte das Schiff ab und entlang der Moselorte Wehlen, \u00dcrzig, Erden, Kinheim und Kr\u00f6v mit ihren bekannten Weinlagen erreichten wir Traben-Trarbach gegen 13:15. Unser Bus wartete dort schon und nach einer kurzen Fahrt erreichten wir L\u00f6snich. L\u00f6snich feierte an diesem Wochenende sein Winzer-und H\u00f6fefest. Von den ortsans\u00e4ssigen Winzer wurden<strong> <\/strong>nicht nur die aktuellen Weine angeboten, es gab auch eine gro\u00dfe Auswahl von regionalen Gerichten. Hier auf dem Winzer- und H\u00f6fefest hatten jeder genug Zeit seine eigene Auswahl zu treffen. Die H\u00f6fe lagen ja nicht weit auseinander. Dieses etwas ruhige Winzer- und H\u00f6fefest, ohne gro\u00dfe Menschenmassen und Gedr\u00e4nge, kam bei unseren \u00e4lteren Senioren gut an. Gegen 18:00 Uhr erfolgte vom vereinbarten Platz die R\u00fcckfahrt nach Niederau\u00dfem.<\/p>\n\n\n\n<figure class=\"wp-block-gallery has-nested-images columns-1 is-cropped wp-block-gallery-1 is-layout-flex wp-block-gallery-is-layout-flex\">\n<figure class=\"wp-block-image size-full\"><img loading=\"lazy\" decoding=\"async\" width=\"510\" height=\"800\" data-id=\"1024\" src=\"https:\/\/awo-niederaussem.de\/wp-content\/uploads\/2022\/12\/k-20220924_135923.jpg\" alt=\"\" class=\"wp-image-1024\" srcset=\"https:\/\/awo-niederaussem.de\/wp-content\/uploads\/2022\/12\/k-20220924_135923.jpg 510w, https:\/\/awo-niederaussem.de\/wp-content\/uploads\/2022\/12\/k-20220924_135923-191x300.jpg 191w\" sizes=\"auto, (max-width: 510px) 100vw, 510px\" \/><\/figure>\n\n\n\n<figure class=\"wp-block-image size-full\"><img loading=\"lazy\" decoding=\"async\" width=\"800\" height=\"450\" data-id=\"1021\" src=\"https:\/\/awo-niederaussem.de\/wp-content\/uploads\/2022\/12\/k-20220924_113107.jpg\" alt=\"\" class=\"wp-image-1021\" srcset=\"https:\/\/awo-niederaussem.de\/wp-content\/uploads\/2022\/12\/k-20220924_113107.jpg 800w, https:\/\/awo-niederaussem.de\/wp-content\/uploads\/2022\/12\/k-20220924_113107-300x169.jpg 300w, https:\/\/awo-niederaussem.de\/wp-content\/uploads\/2022\/12\/k-20220924_113107-768x432.jpg 768w\" sizes=\"auto, (max-width: 800px) 100vw, 800px\" \/><\/figure>\n\n\n\n<figure class=\"wp-block-image size-full\"><img loading=\"lazy\" decoding=\"async\" width=\"800\" height=\"450\" data-id=\"1023\" src=\"https:\/\/awo-niederaussem.de\/wp-content\/uploads\/2022\/12\/k-20220924_115218.jpg\" alt=\"\" class=\"wp-image-1023\" srcset=\"https:\/\/awo-niederaussem.de\/wp-content\/uploads\/2022\/12\/k-20220924_115218.jpg 800w, https:\/\/awo-niederaussem.de\/wp-content\/uploads\/2022\/12\/k-20220924_115218-300x169.jpg 300w, https:\/\/awo-niederaussem.de\/wp-content\/uploads\/2022\/12\/k-20220924_115218-768x432.jpg 768w\" sizes=\"auto, (max-width: 800px) 100vw, 800px\" \/><\/figure>\n\n\n\n<figure class=\"wp-block-image size-full\"><img loading=\"lazy\" decoding=\"async\" width=\"800\" height=\"450\" data-id=\"1022\" src=\"https:\/\/awo-niederaussem.de\/wp-content\/uploads\/2022\/12\/k-20220924_114409.jpg\" alt=\"\" class=\"wp-image-1022\" srcset=\"https:\/\/awo-niederaussem.de\/wp-content\/uploads\/2022\/12\/k-20220924_114409.jpg 800w, https:\/\/awo-niederaussem.de\/wp-content\/uploads\/2022\/12\/k-20220924_114409-300x169.jpg 300w, https:\/\/awo-niederaussem.de\/wp-content\/uploads\/2022\/12\/k-20220924_114409-768x432.jpg 768w\" sizes=\"auto, (max-width: 800px) 100vw, 800px\" \/><\/figure>\n\n\n\n<figure class=\"wp-block-image size-full\"><img loading=\"lazy\" decoding=\"async\" width=\"800\" height=\"450\" data-id=\"1020\" src=\"https:\/\/awo-niederaussem.de\/wp-content\/uploads\/2022\/12\/k-20220924_113008.jpg\" alt=\"\" class=\"wp-image-1020\" srcset=\"https:\/\/awo-niederaussem.de\/wp-content\/uploads\/2022\/12\/k-20220924_113008.jpg 800w, https:\/\/awo-niederaussem.de\/wp-content\/uploads\/2022\/12\/k-20220924_113008-300x169.jpg 300w, https:\/\/awo-niederaussem.de\/wp-content\/uploads\/2022\/12\/k-20220924_113008-768x432.jpg 768w\" sizes=\"auto, (max-width: 800px) 100vw, 800px\" \/><\/figure>\n\n\n\n<figure class=\"wp-block-image size-full\"><img loading=\"lazy\" decoding=\"async\" width=\"800\" height=\"456\" data-id=\"1027\" src=\"https:\/\/awo-niederaussem.de\/wp-content\/uploads\/2022\/12\/k-20220924_152459.jpg\" alt=\"\" class=\"wp-image-1027\" srcset=\"https:\/\/awo-niederaussem.de\/wp-content\/uploads\/2022\/12\/k-20220924_152459.jpg 800w, https:\/\/awo-niederaussem.de\/wp-content\/uploads\/2022\/12\/k-20220924_152459-300x171.jpg 300w, https:\/\/awo-niederaussem.de\/wp-content\/uploads\/2022\/12\/k-20220924_152459-768x438.jpg 768w\" sizes=\"auto, (max-width: 800px) 100vw, 800px\" \/><\/figure>\n\n\n\n<figure class=\"wp-block-image size-full\"><img loading=\"lazy\" decoding=\"async\" width=\"800\" height=\"480\" data-id=\"1026\" src=\"https:\/\/awo-niederaussem.de\/wp-content\/uploads\/2022\/12\/k-20220924_152436.jpg\" alt=\"\" class=\"wp-image-1026\" srcset=\"https:\/\/awo-niederaussem.de\/wp-content\/uploads\/2022\/12\/k-20220924_152436.jpg 800w, https:\/\/awo-niederaussem.de\/wp-content\/uploads\/2022\/12\/k-20220924_152436-300x180.jpg 300w, https:\/\/awo-niederaussem.de\/wp-content\/uploads\/2022\/12\/k-20220924_152436-768x461.jpg 768w\" sizes=\"auto, (max-width: 800px) 100vw, 800px\" \/><\/figure>\n\n\n\n<figure class=\"wp-block-image size-full\"><img loading=\"lazy\" decoding=\"async\" width=\"800\" height=\"450\" data-id=\"1025\" src=\"https:\/\/awo-niederaussem.de\/wp-content\/uploads\/2022\/12\/k-20220924_140930.jpg\" alt=\"\" class=\"wp-image-1025\" srcset=\"https:\/\/awo-niederaussem.de\/wp-content\/uploads\/2022\/12\/k-20220924_140930.jpg 800w, https:\/\/awo-niederaussem.de\/wp-content\/uploads\/2022\/12\/k-20220924_140930-300x169.jpg 300w, https:\/\/awo-niederaussem.de\/wp-content\/uploads\/2022\/12\/k-20220924_140930-768x432.jpg 768w\" sizes=\"auto, (max-width: 800px) 100vw, 800px\" \/><\/figure>\n\n\n\n<figure class=\"wp-block-image size-full\"><img loading=\"lazy\" decoding=\"async\" width=\"800\" height=\"467\" data-id=\"1029\" src=\"https:\/\/awo-niederaussem.de\/wp-content\/uploads\/2022\/12\/k-20220924_154048.jpg\" alt=\"\" class=\"wp-image-1029\" srcset=\"https:\/\/awo-niederaussem.de\/wp-content\/uploads\/2022\/12\/k-20220924_154048.jpg 800w, https:\/\/awo-niederaussem.de\/wp-content\/uploads\/2022\/12\/k-20220924_154048-300x175.jpg 300w, https:\/\/awo-niederaussem.de\/wp-content\/uploads\/2022\/12\/k-20220924_154048-768x448.jpg 768w\" sizes=\"auto, (max-width: 800px) 100vw, 800px\" \/><\/figure>\n\n\n\n<figure class=\"wp-block-image size-full\"><img loading=\"lazy\" decoding=\"async\" width=\"800\" height=\"450\" data-id=\"1028\" src=\"https:\/\/awo-niederaussem.de\/wp-content\/uploads\/2022\/12\/k-20220924_152528.jpg\" alt=\"\" class=\"wp-image-1028\" srcset=\"https:\/\/awo-niederaussem.de\/wp-content\/uploads\/2022\/12\/k-20220924_152528.jpg 800w, https:\/\/awo-niederaussem.de\/wp-content\/uploads\/2022\/12\/k-20220924_152528-300x169.jpg 300w, https:\/\/awo-niederaussem.de\/wp-content\/uploads\/2022\/12\/k-20220924_152528-768x432.jpg 768w\" sizes=\"auto, (max-width: 800px) 100vw, 800px\" \/><\/figure>\n<\/figure>\n","protected":false},"excerpt":{"rendered":"<p>Zusammenfassung unserer Jahresabschlussfahrt an die Mosel. Mit 49 Personen war der Bus bis auf den letzten Platz besetzt. P\u00fcnktlich um 8:00 Uhr erfolgte die Abfahrt von der &#8222;Gr\u00fcnen Lunge&#8220; Dormagener Stra\u00dfe nach Bernkastell zum Schiffsanleger. Da wir die Strecke \u00fcber die Autobahn A1 gew\u00e4hlt hatten, kamen wir in den Genu\u00df durch sch\u00f6ne Eifeld\u00f6rfer zu fahren. [&hellip;]<\/p>\n","protected":false},"author":1,"featured_media":0,"comment_status":"closed","ping_status":"closed","sticky":false,"template":"","format":"standard","meta":{"footnotes":""},"categories":[14],"tags":[],"class_list":["post-924","post","type-post","status-publish","format-standard","hentry","category-archiv"],"_links":{"self":[{"href":"https:\/\/awo-niederaussem.de\/index.php?rest_route=\/wp\/v2\/posts\/924","targetHints":{"allow":["GET"]}}],"collection":[{"href":"https:\/\/awo-niederaussem.de\/index.php?rest_route=\/wp\/v2\/posts"}],"about":[{"href":"https:\/\/awo-niederaussem.de\/index.php?rest_route=\/wp\/v2\/types\/post"}],"author":[{"embeddable":true,"href":"https:\/\/awo-niederaussem.de\/index.php?rest_route=\/wp\/v2\/users\/1"}],"replies":[{"embeddable":true,"href":"https:\/\/awo-niederaussem.de\/index.php?rest_route=%2Fwp%2Fv2%2Fcomments&post=924"}],"version-history":[{"count":5,"href":"https:\/\/awo-niederaussem.de\/index.php?rest_route=\/wp\/v2\/posts\/924\/revisions"}],"predecessor-version":[{"id":1030,"href":"https:\/\/awo-niederaussem.de\/index.php?rest_route=\/wp\/v2\/posts\/924\/revisions\/1030"}],"wp:attachment":[{"href":"https:\/\/awo-niederaussem.de\/index.php?rest_route=%2Fwp%2Fv2%2Fmedia&parent=924"}],"wp:term":[{"taxonomy":"category","embeddable":true,"href":"https:\/\/awo-niederaussem.de\/index.php?rest_route=%2Fwp%2Fv2%2Fcategories&post=924"},{"taxonomy":"post_tag","embeddable":true,"href":"https:\/\/awo-niederaussem.de\/index.php?rest_route=%2Fwp%2Fv2%2Ftags&post=924"}],"curies":[{"name":"wp","href":"https:\/\/api.w.org\/{rel}","templated":true}]}}