{"id":879,"date":"2022-08-03T21:44:56","date_gmt":"2022-08-03T21:44:56","guid":{"rendered":"https:\/\/awo-niederaussem.de\/?p=879"},"modified":"2024-02-29T19:20:32","modified_gmt":"2024-02-29T19:20:32","slug":"jubilarehrungen-am-24-juli-2022","status":"publish","type":"post","link":"https:\/\/awo-niederaussem.de\/?p=879","title":{"rendered":"Jubilarehrungen am 24. Juli 2022"},"content":{"rendered":"\n<p>AWO Ortsverein Niederau\u00dfem-Auenheim e.V.<\/p>\n\n\n\n<p>In unserer sch\u00f6nen Au\u00dfenanlage haben wir unsere diesj\u00e4hrigen Jubilare f\u00fcr 40zig und 50zig Jahre Mitgliedschaft geehrt. Bei sch\u00f6nstem Wetter, k\u00fchlen Getr\u00e4nken und einigen Leckereien haben wir den kurzweiligen Nachmittag mit den Jubilaren genossen. Die Bilder geben auch einen kleinen Einblick auf unsere Gartenanlage.<\/p>\n\n\n\n<figure class=\"wp-block-image size-full\"><img loading=\"lazy\" decoding=\"async\" width=\"800\" height=\"450\" src=\"https:\/\/awo-niederaussem.de\/wp-content\/uploads\/2022\/08\/k-20220724_141653-1.jpg\" alt=\"\" class=\"wp-image-892\" srcset=\"https:\/\/awo-niederaussem.de\/wp-content\/uploads\/2022\/08\/k-20220724_141653-1.jpg 800w, https:\/\/awo-niederaussem.de\/wp-content\/uploads\/2022\/08\/k-20220724_141653-1-300x169.jpg 300w, https:\/\/awo-niederaussem.de\/wp-content\/uploads\/2022\/08\/k-20220724_141653-1-768x432.jpg 768w\" sizes=\"auto, (max-width: 800px) 100vw, 800px\" \/><\/figure>\n\n\n\n<figure class=\"wp-block-gallery has-nested-images columns-1 is-cropped wp-block-gallery-1 is-layout-flex wp-block-gallery-is-layout-flex\">\n<figure class=\"wp-block-image size-large\"><img loading=\"lazy\" decoding=\"async\" width=\"717\" height=\"800\" data-id=\"886\" src=\"https:\/\/awo-niederaussem.de\/wp-content\/uploads\/2022\/08\/k-2022-07-24-Sofia-Schenk-50-Jahre-AWO.jpg\" alt=\"\" class=\"wp-image-886\" srcset=\"https:\/\/awo-niederaussem.de\/wp-content\/uploads\/2022\/08\/k-2022-07-24-Sofia-Schenk-50-Jahre-AWO.jpg 717w, https:\/\/awo-niederaussem.de\/wp-content\/uploads\/2022\/08\/k-2022-07-24-Sofia-Schenk-50-Jahre-AWO-269x300.jpg 269w\" sizes=\"auto, (max-width: 717px) 100vw, 717px\" \/><\/figure>\n\n\n\n<figure class=\"wp-block-image size-large\"><img loading=\"lazy\" decoding=\"async\" width=\"800\" height=\"450\" data-id=\"882\" src=\"https:\/\/awo-niederaussem.de\/wp-content\/uploads\/2022\/08\/k-20220722_135412.jpg\" alt=\"\" class=\"wp-image-882\" srcset=\"https:\/\/awo-niederaussem.de\/wp-content\/uploads\/2022\/08\/k-20220722_135412.jpg 800w, https:\/\/awo-niederaussem.de\/wp-content\/uploads\/2022\/08\/k-20220722_135412-300x169.jpg 300w, https:\/\/awo-niederaussem.de\/wp-content\/uploads\/2022\/08\/k-20220722_135412-768x432.jpg 768w\" sizes=\"auto, (max-width: 800px) 100vw, 800px\" \/><\/figure>\n\n\n\n<figure class=\"wp-block-image size-large\"><img loading=\"lazy\" decoding=\"async\" width=\"800\" height=\"450\" data-id=\"887\" src=\"https:\/\/awo-niederaussem.de\/wp-content\/uploads\/2022\/08\/k-20220724_135132.jpg\" alt=\"\" class=\"wp-image-887\" srcset=\"https:\/\/awo-niederaussem.de\/wp-content\/uploads\/2022\/08\/k-20220724_135132.jpg 800w, https:\/\/awo-niederaussem.de\/wp-content\/uploads\/2022\/08\/k-20220724_135132-300x169.jpg 300w, https:\/\/awo-niederaussem.de\/wp-content\/uploads\/2022\/08\/k-20220724_135132-768x432.jpg 768w\" sizes=\"auto, (max-width: 800px) 100vw, 800px\" \/><\/figure>\n\n\n\n<figure class=\"wp-block-image size-large\"><img loading=\"lazy\" decoding=\"async\" width=\"600\" height=\"800\" data-id=\"888\" src=\"https:\/\/awo-niederaussem.de\/wp-content\/uploads\/2022\/08\/k-IMG-20220725-WA0012.jpg\" alt=\"\" class=\"wp-image-888\" srcset=\"https:\/\/awo-niederaussem.de\/wp-content\/uploads\/2022\/08\/k-IMG-20220725-WA0012.jpg 600w, https:\/\/awo-niederaussem.de\/wp-content\/uploads\/2022\/08\/k-IMG-20220725-WA0012-225x300.jpg 225w\" sizes=\"auto, (max-width: 600px) 100vw, 600px\" \/><\/figure>\n<\/figure>\n\n\n\n<figure class=\"wp-block-gallery has-nested-images columns-1 is-cropped wp-block-gallery-2 is-layout-flex wp-block-gallery-is-layout-flex\">\n<figure class=\"wp-block-image size-large\"><img loading=\"lazy\" decoding=\"async\" width=\"599\" height=\"443\" data-id=\"896\" src=\"https:\/\/awo-niederaussem.de\/wp-content\/uploads\/2022\/08\/k-IMG-20220725-WA0016-1.jpg\" alt=\"\" class=\"wp-image-896\" srcset=\"https:\/\/awo-niederaussem.de\/wp-content\/uploads\/2022\/08\/k-IMG-20220725-WA0016-1.jpg 599w, https:\/\/awo-niederaussem.de\/wp-content\/uploads\/2022\/08\/k-IMG-20220725-WA0016-1-300x222.jpg 300w\" sizes=\"auto, (max-width: 599px) 100vw, 599px\" \/><\/figure>\n\n\n\n<figure class=\"wp-block-image size-large\"><img loading=\"lazy\" decoding=\"async\" width=\"800\" height=\"450\" data-id=\"897\" src=\"https:\/\/awo-niederaussem.de\/wp-content\/uploads\/2022\/08\/k-20220722_135324-1.jpg\" alt=\"\" class=\"wp-image-897\" srcset=\"https:\/\/awo-niederaussem.de\/wp-content\/uploads\/2022\/08\/k-20220722_135324-1.jpg 800w, https:\/\/awo-niederaussem.de\/wp-content\/uploads\/2022\/08\/k-20220722_135324-1-300x169.jpg 300w, https:\/\/awo-niederaussem.de\/wp-content\/uploads\/2022\/08\/k-20220722_135324-1-768x432.jpg 768w\" sizes=\"auto, (max-width: 800px) 100vw, 800px\" \/><\/figure>\n\n\n\n<figure class=\"wp-block-image size-large\"><img loading=\"lazy\" decoding=\"async\" width=\"800\" height=\"450\" data-id=\"895\" src=\"https:\/\/awo-niederaussem.de\/wp-content\/uploads\/2022\/08\/k-20220722_135428-1.jpg\" alt=\"\" class=\"wp-image-895\" srcset=\"https:\/\/awo-niederaussem.de\/wp-content\/uploads\/2022\/08\/k-20220722_135428-1.jpg 800w, https:\/\/awo-niederaussem.de\/wp-content\/uploads\/2022\/08\/k-20220722_135428-1-300x169.jpg 300w, https:\/\/awo-niederaussem.de\/wp-content\/uploads\/2022\/08\/k-20220722_135428-1-768x432.jpg 768w\" sizes=\"auto, (max-width: 800px) 100vw, 800px\" \/><\/figure>\n\n\n\n<figure class=\"wp-block-image size-large\"><img loading=\"lazy\" decoding=\"async\" width=\"800\" height=\"450\" data-id=\"894\" src=\"https:\/\/awo-niederaussem.de\/wp-content\/uploads\/2022\/08\/k-20220722_135442-1.jpg\" alt=\"\" class=\"wp-image-894\" srcset=\"https:\/\/awo-niederaussem.de\/wp-content\/uploads\/2022\/08\/k-20220722_135442-1.jpg 800w, https:\/\/awo-niederaussem.de\/wp-content\/uploads\/2022\/08\/k-20220722_135442-1-300x169.jpg 300w, https:\/\/awo-niederaussem.de\/wp-content\/uploads\/2022\/08\/k-20220722_135442-1-768x432.jpg 768w\" sizes=\"auto, (max-width: 800px) 100vw, 800px\" \/><\/figure>\n\n\n\n<figure class=\"wp-block-image size-large\"><img loading=\"lazy\" decoding=\"async\" width=\"800\" height=\"450\" data-id=\"893\" src=\"https:\/\/awo-niederaussem.de\/wp-content\/uploads\/2022\/08\/k-20220722_135254-2.jpg\" alt=\"\" class=\"wp-image-893\" srcset=\"https:\/\/awo-niederaussem.de\/wp-content\/uploads\/2022\/08\/k-20220722_135254-2.jpg 800w, https:\/\/awo-niederaussem.de\/wp-content\/uploads\/2022\/08\/k-20220722_135254-2-300x169.jpg 300w, https:\/\/awo-niederaussem.de\/wp-content\/uploads\/2022\/08\/k-20220722_135254-2-768x432.jpg 768w\" sizes=\"auto, (max-width: 800px) 100vw, 800px\" \/><\/figure>\n<\/figure>\n","protected":false},"excerpt":{"rendered":"<p>AWO Ortsverein Niederau\u00dfem-Auenheim e.V. In unserer sch\u00f6nen Au\u00dfenanlage haben wir unsere diesj\u00e4hrigen Jubilare f\u00fcr 40zig und 50zig Jahre Mitgliedschaft geehrt. Bei sch\u00f6nstem Wetter, k\u00fchlen Getr\u00e4nken und einigen Leckereien haben wir den kurzweiligen Nachmittag mit den Jubilaren genossen. Die Bilder geben auch einen kleinen Einblick auf unsere Gartenanlage.<\/p>\n","protected":false},"author":1,"featured_media":0,"comment_status":"closed","ping_status":"closed","sticky":false,"template":"","format":"standard","meta":{"footnotes":""},"categories":[14],"tags":[],"class_list":["post-879","post","type-post","status-publish","format-standard","hentry","category-archiv"],"_links":{"self":[{"href":"https:\/\/awo-niederaussem.de\/index.php?rest_route=\/wp\/v2\/posts\/879","targetHints":{"allow":["GET"]}}],"collection":[{"href":"https:\/\/awo-niederaussem.de\/index.php?rest_route=\/wp\/v2\/posts"}],"about":[{"href":"https:\/\/awo-niederaussem.de\/index.php?rest_route=\/wp\/v2\/types\/post"}],"author":[{"embeddable":true,"href":"https:\/\/awo-niederaussem.de\/index.php?rest_route=\/wp\/v2\/users\/1"}],"replies":[{"embeddable":true,"href":"https:\/\/awo-niederaussem.de\/index.php?rest_route=%2Fwp%2Fv2%2Fcomments&post=879"}],"version-history":[{"count":1,"href":"https:\/\/awo-niederaussem.de\/index.php?rest_route=\/wp\/v2\/posts\/879\/revisions"}],"predecessor-version":[{"id":898,"href":"https:\/\/awo-niederaussem.de\/index.php?rest_route=\/wp\/v2\/posts\/879\/revisions\/898"}],"wp:attachment":[{"href":"https:\/\/awo-niederaussem.de\/index.php?rest_route=%2Fwp%2Fv2%2Fmedia&parent=879"}],"wp:term":[{"taxonomy":"category","embeddable":true,"href":"https:\/\/awo-niederaussem.de\/index.php?rest_route=%2Fwp%2Fv2%2Fcategories&post=879"},{"taxonomy":"post_tag","embeddable":true,"href":"https:\/\/awo-niederaussem.de\/index.php?rest_route=%2Fwp%2Fv2%2Ftags&post=879"}],"curies":[{"name":"wp","href":"https:\/\/api.w.org\/{rel}","templated":true}]}}