{"id":5791,"date":"2026-08-30T08:49:40","date_gmt":"2026-08-30T08:49:40","guid":{"rendered":"https:\/\/awo-niederaussem.de\/?p=5791"},"modified":"2026-08-30T08:49:40","modified_gmt":"2026-08-30T08:49:40","slug":"das-war-unser-sommerfest-2026","status":"publish","type":"post","link":"https:\/\/awo-niederaussem.de\/?p=5791","title":{"rendered":"Das war unser Sommerfest 2026"},"content":{"rendered":"\n<p class=\"wp-block-paragraph\">Das Sommerfest am letzten Wochenende im August war gepr\u00e4gt von wechselhaftem Wetter. Trotzdem begr\u00fc\u00dften wir wieder zahlreiche G\u00e4ste &#8211; bei leckeren Getr\u00e4nken, Flammkuchen, Grillspezialit\u00e4ten sowie Kaffee und Kuchen wurde bis in den Abend hinein gefeiert!<\/p>\n\n\n\n<figure class=\"wp-block-gallery has-nested-images columns-default is-cropped wp-block-gallery-1 is-layout-flex wp-block-gallery-is-layout-flex\">\n<figure class=\"wp-block-image size-large\"><img loading=\"lazy\" decoding=\"async\" width=\"1024\" height=\"768\" data-id=\"5792\" src=\"https:\/\/awo-niederaussem.de\/wp-content\/uploads\/2026\/08\/P1025045-1024x768.jpg\" alt=\"\" class=\"wp-image-5792\" srcset=\"https:\/\/awo-niederaussem.de\/wp-content\/uploads\/2026\/08\/P1025045-1024x768.jpg 1024w, https:\/\/awo-niederaussem.de\/wp-content\/uploads\/2026\/08\/P1025045-300x225.jpg 300w, https:\/\/awo-niederaussem.de\/wp-content\/uploads\/2026\/08\/P1025045-768x576.jpg 768w, https:\/\/awo-niederaussem.de\/wp-content\/uploads\/2026\/08\/P1025045-1536x1152.jpg 1536w, https:\/\/awo-niederaussem.de\/wp-content\/uploads\/2026\/08\/P1025045-2048x1536.jpg 2048w\" sizes=\"auto, (max-width: 1024px) 100vw, 1024px\" \/><\/figure>\n\n\n\n<figure class=\"wp-block-image size-large\"><img loading=\"lazy\" decoding=\"async\" width=\"1024\" height=\"768\" data-id=\"5793\" src=\"https:\/\/awo-niederaussem.de\/wp-content\/uploads\/2026\/08\/P1025047-1024x768.jpg\" alt=\"\" class=\"wp-image-5793\" srcset=\"https:\/\/awo-niederaussem.de\/wp-content\/uploads\/2026\/08\/P1025047-1024x768.jpg 1024w, https:\/\/awo-niederaussem.de\/wp-content\/uploads\/2026\/08\/P1025047-300x225.jpg 300w, https:\/\/awo-niederaussem.de\/wp-content\/uploads\/2026\/08\/P1025047-768x576.jpg 768w, https:\/\/awo-niederaussem.de\/wp-content\/uploads\/2026\/08\/P1025047-1536x1152.jpg 1536w, https:\/\/awo-niederaussem.de\/wp-content\/uploads\/2026\/08\/P1025047-2048x1536.jpg 2048w\" sizes=\"auto, (max-width: 1024px) 100vw, 1024px\" \/><\/figure>\n\n\n\n<figure class=\"wp-block-image size-large\"><img loading=\"lazy\" decoding=\"async\" width=\"1024\" height=\"768\" data-id=\"5794\" src=\"https:\/\/awo-niederaussem.de\/wp-content\/uploads\/2026\/08\/P1025048-1024x768.jpg\" alt=\"\" class=\"wp-image-5794\" srcset=\"https:\/\/awo-niederaussem.de\/wp-content\/uploads\/2026\/08\/P1025048-1024x768.jpg 1024w, https:\/\/awo-niederaussem.de\/wp-content\/uploads\/2026\/08\/P1025048-300x225.jpg 300w, https:\/\/awo-niederaussem.de\/wp-content\/uploads\/2026\/08\/P1025048-768x576.jpg 768w, https:\/\/awo-niederaussem.de\/wp-content\/uploads\/2026\/08\/P1025048-1536x1152.jpg 1536w, https:\/\/awo-niederaussem.de\/wp-content\/uploads\/2026\/08\/P1025048-2048x1536.jpg 2048w\" sizes=\"auto, (max-width: 1024px) 100vw, 1024px\" \/><\/figure>\n\n\n\n<figure class=\"wp-block-image size-large\"><img loading=\"lazy\" decoding=\"async\" width=\"1024\" height=\"768\" data-id=\"5796\" src=\"https:\/\/awo-niederaussem.de\/wp-content\/uploads\/2026\/08\/P1025051-1024x768.jpg\" alt=\"\" class=\"wp-image-5796\" srcset=\"https:\/\/awo-niederaussem.de\/wp-content\/uploads\/2026\/08\/P1025051-1024x768.jpg 1024w, https:\/\/awo-niederaussem.de\/wp-content\/uploads\/2026\/08\/P1025051-300x225.jpg 300w, https:\/\/awo-niederaussem.de\/wp-content\/uploads\/2026\/08\/P1025051-768x576.jpg 768w, https:\/\/awo-niederaussem.de\/wp-content\/uploads\/2026\/08\/P1025051-1536x1152.jpg 1536w, https:\/\/awo-niederaussem.de\/wp-content\/uploads\/2026\/08\/P1025051-2048x1536.jpg 2048w\" sizes=\"auto, (max-width: 1024px) 100vw, 1024px\" \/><\/figure>\n\n\n\n<figure class=\"wp-block-image size-large\"><img loading=\"lazy\" decoding=\"async\" width=\"1024\" height=\"768\" data-id=\"5795\" src=\"https:\/\/awo-niederaussem.de\/wp-content\/uploads\/2026\/08\/P1025052-1024x768.jpg\" alt=\"\" class=\"wp-image-5795\" srcset=\"https:\/\/awo-niederaussem.de\/wp-content\/uploads\/2026\/08\/P1025052-1024x768.jpg 1024w, https:\/\/awo-niederaussem.de\/wp-content\/uploads\/2026\/08\/P1025052-300x225.jpg 300w, https:\/\/awo-niederaussem.de\/wp-content\/uploads\/2026\/08\/P1025052-768x576.jpg 768w, https:\/\/awo-niederaussem.de\/wp-content\/uploads\/2026\/08\/P1025052-1536x1152.jpg 1536w, https:\/\/awo-niederaussem.de\/wp-content\/uploads\/2026\/08\/P1025052-2048x1536.jpg 2048w\" sizes=\"auto, (max-width: 1024px) 100vw, 1024px\" \/><\/figure>\n\n\n\n<figure class=\"wp-block-image size-large\"><img loading=\"lazy\" decoding=\"async\" width=\"1024\" height=\"768\" data-id=\"5797\" src=\"https:\/\/awo-niederaussem.de\/wp-content\/uploads\/2026\/08\/P1025053-1024x768.jpg\" alt=\"\" class=\"wp-image-5797\" srcset=\"https:\/\/awo-niederaussem.de\/wp-content\/uploads\/2026\/08\/P1025053-1024x768.jpg 1024w, https:\/\/awo-niederaussem.de\/wp-content\/uploads\/2026\/08\/P1025053-300x225.jpg 300w, https:\/\/awo-niederaussem.de\/wp-content\/uploads\/2026\/08\/P1025053-768x576.jpg 768w, https:\/\/awo-niederaussem.de\/wp-content\/uploads\/2026\/08\/P1025053-1536x1152.jpg 1536w, https:\/\/awo-niederaussem.de\/wp-content\/uploads\/2026\/08\/P1025053-2048x1536.jpg 2048w\" sizes=\"auto, (max-width: 1024px) 100vw, 1024px\" \/><\/figure>\n<\/figure>\n\n\n\n<p class=\"wp-block-paragraph\"><\/p>\n\n\n\n<figure class=\"wp-block-gallery has-nested-images columns-default is-cropped wp-block-gallery-2 is-layout-flex wp-block-gallery-is-layout-flex\">\n<figure class=\"wp-block-image size-large\"><img loading=\"lazy\" decoding=\"async\" width=\"1024\" height=\"768\" data-id=\"5799\" src=\"https:\/\/awo-niederaussem.de\/wp-content\/uploads\/2026\/08\/P1025055-1024x768.jpg\" alt=\"\" class=\"wp-image-5799\" srcset=\"https:\/\/awo-niederaussem.de\/wp-content\/uploads\/2026\/08\/P1025055-1024x768.jpg 1024w, https:\/\/awo-niederaussem.de\/wp-content\/uploads\/2026\/08\/P1025055-300x225.jpg 300w, https:\/\/awo-niederaussem.de\/wp-content\/uploads\/2026\/08\/P1025055-768x576.jpg 768w, https:\/\/awo-niederaussem.de\/wp-content\/uploads\/2026\/08\/P1025055-1536x1152.jpg 1536w, https:\/\/awo-niederaussem.de\/wp-content\/uploads\/2026\/08\/P1025055-2048x1536.jpg 2048w\" sizes=\"auto, (max-width: 1024px) 100vw, 1024px\" \/><\/figure>\n\n\n\n<figure class=\"wp-block-image size-large\"><img loading=\"lazy\" decoding=\"async\" width=\"1024\" height=\"768\" data-id=\"5798\" src=\"https:\/\/awo-niederaussem.de\/wp-content\/uploads\/2026\/08\/P1025056-1024x768.jpg\" alt=\"\" class=\"wp-image-5798\" srcset=\"https:\/\/awo-niederaussem.de\/wp-content\/uploads\/2026\/08\/P1025056-1024x768.jpg 1024w, https:\/\/awo-niederaussem.de\/wp-content\/uploads\/2026\/08\/P1025056-300x225.jpg 300w, https:\/\/awo-niederaussem.de\/wp-content\/uploads\/2026\/08\/P1025056-768x576.jpg 768w, https:\/\/awo-niederaussem.de\/wp-content\/uploads\/2026\/08\/P1025056-1536x1152.jpg 1536w, https:\/\/awo-niederaussem.de\/wp-content\/uploads\/2026\/08\/P1025056-2048x1536.jpg 2048w\" sizes=\"auto, (max-width: 1024px) 100vw, 1024px\" \/><\/figure>\n\n\n\n<figure class=\"wp-block-image size-large\"><img loading=\"lazy\" decoding=\"async\" width=\"1024\" height=\"768\" data-id=\"5800\" src=\"https:\/\/awo-niederaussem.de\/wp-content\/uploads\/2026\/08\/P1025057-1024x768.jpg\" alt=\"\" class=\"wp-image-5800\" srcset=\"https:\/\/awo-niederaussem.de\/wp-content\/uploads\/2026\/08\/P1025057-1024x768.jpg 1024w, https:\/\/awo-niederaussem.de\/wp-content\/uploads\/2026\/08\/P1025057-300x225.jpg 300w, https:\/\/awo-niederaussem.de\/wp-content\/uploads\/2026\/08\/P1025057-768x576.jpg 768w, https:\/\/awo-niederaussem.de\/wp-content\/uploads\/2026\/08\/P1025057-1536x1152.jpg 1536w, https:\/\/awo-niederaussem.de\/wp-content\/uploads\/2026\/08\/P1025057-2048x1536.jpg 2048w\" sizes=\"auto, (max-width: 1024px) 100vw, 1024px\" \/><\/figure>\n\n\n\n<figure class=\"wp-block-image size-large\"><img loading=\"lazy\" decoding=\"async\" width=\"1024\" height=\"768\" data-id=\"5802\" src=\"https:\/\/awo-niederaussem.de\/wp-content\/uploads\/2026\/08\/P1025058-1024x768.jpg\" alt=\"\" class=\"wp-image-5802\" srcset=\"https:\/\/awo-niederaussem.de\/wp-content\/uploads\/2026\/08\/P1025058-1024x768.jpg 1024w, https:\/\/awo-niederaussem.de\/wp-content\/uploads\/2026\/08\/P1025058-300x225.jpg 300w, https:\/\/awo-niederaussem.de\/wp-content\/uploads\/2026\/08\/P1025058-768x576.jpg 768w, https:\/\/awo-niederaussem.de\/wp-content\/uploads\/2026\/08\/P1025058-1536x1152.jpg 1536w, https:\/\/awo-niederaussem.de\/wp-content\/uploads\/2026\/08\/P1025058-2048x1536.jpg 2048w\" sizes=\"auto, (max-width: 1024px) 100vw, 1024px\" \/><\/figure>\n\n\n\n<figure class=\"wp-block-image size-large\"><img loading=\"lazy\" decoding=\"async\" width=\"1024\" height=\"768\" data-id=\"5801\" src=\"https:\/\/awo-niederaussem.de\/wp-content\/uploads\/2026\/08\/P1025060-1024x768.jpg\" alt=\"\" class=\"wp-image-5801\" srcset=\"https:\/\/awo-niederaussem.de\/wp-content\/uploads\/2026\/08\/P1025060-1024x768.jpg 1024w, https:\/\/awo-niederaussem.de\/wp-content\/uploads\/2026\/08\/P1025060-300x225.jpg 300w, https:\/\/awo-niederaussem.de\/wp-content\/uploads\/2026\/08\/P1025060-768x576.jpg 768w, https:\/\/awo-niederaussem.de\/wp-content\/uploads\/2026\/08\/P1025060-1536x1152.jpg 1536w, https:\/\/awo-niederaussem.de\/wp-content\/uploads\/2026\/08\/P1025060-2048x1536.jpg 2048w\" sizes=\"auto, (max-width: 1024px) 100vw, 1024px\" \/><\/figure>\n<\/figure>\n\n\n\n<p class=\"wp-block-paragraph\"><\/p>\n\n\n\n<figure class=\"wp-block-gallery has-nested-images columns-default is-cropped wp-block-gallery-3 is-layout-flex wp-block-gallery-is-layout-flex\">\n<figure class=\"wp-block-image size-large\"><img loading=\"lazy\" decoding=\"async\" width=\"1024\" height=\"768\" data-id=\"5806\" src=\"https:\/\/awo-niederaussem.de\/wp-content\/uploads\/2026\/08\/P1025072-1024x768.jpg\" alt=\"\" class=\"wp-image-5806\" srcset=\"https:\/\/awo-niederaussem.de\/wp-content\/uploads\/2026\/08\/P1025072-1024x768.jpg 1024w, https:\/\/awo-niederaussem.de\/wp-content\/uploads\/2026\/08\/P1025072-300x225.jpg 300w, https:\/\/awo-niederaussem.de\/wp-content\/uploads\/2026\/08\/P1025072-768x576.jpg 768w, https:\/\/awo-niederaussem.de\/wp-content\/uploads\/2026\/08\/P1025072-1536x1152.jpg 1536w, https:\/\/awo-niederaussem.de\/wp-content\/uploads\/2026\/08\/P1025072-2048x1536.jpg 2048w\" sizes=\"auto, (max-width: 1024px) 100vw, 1024px\" \/><\/figure>\n\n\n\n<figure class=\"wp-block-image size-large\"><img loading=\"lazy\" decoding=\"async\" width=\"1024\" height=\"768\" data-id=\"5807\" src=\"https:\/\/awo-niederaussem.de\/wp-content\/uploads\/2026\/08\/P1025074-1024x768.jpg\" alt=\"\" class=\"wp-image-5807\" srcset=\"https:\/\/awo-niederaussem.de\/wp-content\/uploads\/2026\/08\/P1025074-1024x768.jpg 1024w, https:\/\/awo-niederaussem.de\/wp-content\/uploads\/2026\/08\/P1025074-300x225.jpg 300w, https:\/\/awo-niederaussem.de\/wp-content\/uploads\/2026\/08\/P1025074-768x576.jpg 768w, https:\/\/awo-niederaussem.de\/wp-content\/uploads\/2026\/08\/P1025074-1536x1152.jpg 1536w, https:\/\/awo-niederaussem.de\/wp-content\/uploads\/2026\/08\/P1025074-2048x1536.jpg 2048w\" sizes=\"auto, (max-width: 1024px) 100vw, 1024px\" \/><\/figure>\n\n\n\n<figure class=\"wp-block-image size-large\"><img loading=\"lazy\" decoding=\"async\" width=\"1024\" height=\"768\" data-id=\"5808\" src=\"https:\/\/awo-niederaussem.de\/wp-content\/uploads\/2026\/08\/P1025075-1024x768.jpg\" alt=\"\" class=\"wp-image-5808\" srcset=\"https:\/\/awo-niederaussem.de\/wp-content\/uploads\/2026\/08\/P1025075-1024x768.jpg 1024w, https:\/\/awo-niederaussem.de\/wp-content\/uploads\/2026\/08\/P1025075-300x225.jpg 300w, https:\/\/awo-niederaussem.de\/wp-content\/uploads\/2026\/08\/P1025075-768x576.jpg 768w, https:\/\/awo-niederaussem.de\/wp-content\/uploads\/2026\/08\/P1025075-1536x1152.jpg 1536w, https:\/\/awo-niederaussem.de\/wp-content\/uploads\/2026\/08\/P1025075-2048x1536.jpg 2048w\" sizes=\"auto, (max-width: 1024px) 100vw, 1024px\" \/><\/figure>\n<\/figure>\n\n\n\n<p class=\"wp-block-paragraph\"><\/p>\n\n\n\n<figure class=\"wp-block-gallery has-nested-images columns-default is-cropped wp-block-gallery-4 is-layout-flex wp-block-gallery-is-layout-flex\">\n<figure class=\"wp-block-image size-large\"><img loading=\"lazy\" decoding=\"async\" width=\"1024\" height=\"768\" data-id=\"5809\" src=\"https:\/\/awo-niederaussem.de\/wp-content\/uploads\/2026\/08\/P1025077-1024x768.jpg\" alt=\"\" class=\"wp-image-5809\" srcset=\"https:\/\/awo-niederaussem.de\/wp-content\/uploads\/2026\/08\/P1025077-1024x768.jpg 1024w, https:\/\/awo-niederaussem.de\/wp-content\/uploads\/2026\/08\/P1025077-300x225.jpg 300w, https:\/\/awo-niederaussem.de\/wp-content\/uploads\/2026\/08\/P1025077-768x576.jpg 768w, https:\/\/awo-niederaussem.de\/wp-content\/uploads\/2026\/08\/P1025077-1536x1152.jpg 1536w, https:\/\/awo-niederaussem.de\/wp-content\/uploads\/2026\/08\/P1025077-2048x1536.jpg 2048w\" sizes=\"auto, (max-width: 1024px) 100vw, 1024px\" \/><\/figure>\n\n\n\n<figure class=\"wp-block-image size-large\"><img loading=\"lazy\" decoding=\"async\" width=\"1024\" height=\"768\" data-id=\"5810\" src=\"https:\/\/awo-niederaussem.de\/wp-content\/uploads\/2026\/08\/P1025078-1024x768.jpg\" alt=\"\" class=\"wp-image-5810\" srcset=\"https:\/\/awo-niederaussem.de\/wp-content\/uploads\/2026\/08\/P1025078-1024x768.jpg 1024w, https:\/\/awo-niederaussem.de\/wp-content\/uploads\/2026\/08\/P1025078-300x225.jpg 300w, https:\/\/awo-niederaussem.de\/wp-content\/uploads\/2026\/08\/P1025078-768x576.jpg 768w, https:\/\/awo-niederaussem.de\/wp-content\/uploads\/2026\/08\/P1025078-1536x1152.jpg 1536w, https:\/\/awo-niederaussem.de\/wp-content\/uploads\/2026\/08\/P1025078-2048x1536.jpg 2048w\" sizes=\"auto, (max-width: 1024px) 100vw, 1024px\" \/><\/figure>\n\n\n\n<figure class=\"wp-block-image size-large\"><img loading=\"lazy\" decoding=\"async\" width=\"1024\" height=\"768\" data-id=\"5811\" src=\"https:\/\/awo-niederaussem.de\/wp-content\/uploads\/2026\/08\/P1025079-1024x768.jpg\" alt=\"\" class=\"wp-image-5811\" srcset=\"https:\/\/awo-niederaussem.de\/wp-content\/uploads\/2026\/08\/P1025079-1024x768.jpg 1024w, https:\/\/awo-niederaussem.de\/wp-content\/uploads\/2026\/08\/P1025079-300x225.jpg 300w, https:\/\/awo-niederaussem.de\/wp-content\/uploads\/2026\/08\/P1025079-768x576.jpg 768w, https:\/\/awo-niederaussem.de\/wp-content\/uploads\/2026\/08\/P1025079-1536x1152.jpg 1536w, https:\/\/awo-niederaussem.de\/wp-content\/uploads\/2026\/08\/P1025079-2048x1536.jpg 2048w\" sizes=\"auto, (max-width: 1024px) 100vw, 1024px\" \/><\/figure>\n\n\n\n<figure class=\"wp-block-image size-large\"><img loading=\"lazy\" decoding=\"async\" width=\"1024\" height=\"768\" data-id=\"5812\" src=\"https:\/\/awo-niederaussem.de\/wp-content\/uploads\/2026\/08\/P1025080-1024x768.jpg\" alt=\"\" class=\"wp-image-5812\" srcset=\"https:\/\/awo-niederaussem.de\/wp-content\/uploads\/2026\/08\/P1025080-1024x768.jpg 1024w, https:\/\/awo-niederaussem.de\/wp-content\/uploads\/2026\/08\/P1025080-300x225.jpg 300w, https:\/\/awo-niederaussem.de\/wp-content\/uploads\/2026\/08\/P1025080-768x576.jpg 768w, https:\/\/awo-niederaussem.de\/wp-content\/uploads\/2026\/08\/P1025080-1536x1152.jpg 1536w, https:\/\/awo-niederaussem.de\/wp-content\/uploads\/2026\/08\/P1025080-2048x1536.jpg 2048w\" sizes=\"auto, (max-width: 1024px) 100vw, 1024px\" \/><\/figure>\n<\/figure>\n\n\n\n<p class=\"wp-block-paragraph\"><\/p>\n\n\n\n<figure class=\"wp-block-gallery has-nested-images columns-default is-cropped wp-block-gallery-5 is-layout-flex wp-block-gallery-is-layout-flex\">\n<figure class=\"wp-block-image size-large\"><img loading=\"lazy\" decoding=\"async\" width=\"1024\" height=\"768\" data-id=\"5813\" src=\"https:\/\/awo-niederaussem.de\/wp-content\/uploads\/2026\/08\/P1025081-1024x768.jpg\" alt=\"\" class=\"wp-image-5813\" srcset=\"https:\/\/awo-niederaussem.de\/wp-content\/uploads\/2026\/08\/P1025081-1024x768.jpg 1024w, https:\/\/awo-niederaussem.de\/wp-content\/uploads\/2026\/08\/P1025081-300x225.jpg 300w, https:\/\/awo-niederaussem.de\/wp-content\/uploads\/2026\/08\/P1025081-768x576.jpg 768w, https:\/\/awo-niederaussem.de\/wp-content\/uploads\/2026\/08\/P1025081-1536x1152.jpg 1536w, https:\/\/awo-niederaussem.de\/wp-content\/uploads\/2026\/08\/P1025081-2048x1536.jpg 2048w\" sizes=\"auto, (max-width: 1024px) 100vw, 1024px\" \/><\/figure>\n\n\n\n<figure class=\"wp-block-image size-large\"><img loading=\"lazy\" decoding=\"async\" width=\"1024\" height=\"768\" data-id=\"5814\" src=\"https:\/\/awo-niederaussem.de\/wp-content\/uploads\/2026\/08\/P1025084-1024x768.jpg\" alt=\"\" class=\"wp-image-5814\" srcset=\"https:\/\/awo-niederaussem.de\/wp-content\/uploads\/2026\/08\/P1025084-1024x768.jpg 1024w, https:\/\/awo-niederaussem.de\/wp-content\/uploads\/2026\/08\/P1025084-300x225.jpg 300w, https:\/\/awo-niederaussem.de\/wp-content\/uploads\/2026\/08\/P1025084-768x576.jpg 768w, https:\/\/awo-niederaussem.de\/wp-content\/uploads\/2026\/08\/P1025084-1536x1152.jpg 1536w, https:\/\/awo-niederaussem.de\/wp-content\/uploads\/2026\/08\/P1025084-2048x1536.jpg 2048w\" sizes=\"auto, (max-width: 1024px) 100vw, 1024px\" \/><\/figure>\n\n\n\n<figure class=\"wp-block-image size-large\"><img loading=\"lazy\" decoding=\"async\" width=\"1024\" height=\"768\" data-id=\"5815\" src=\"https:\/\/awo-niederaussem.de\/wp-content\/uploads\/2026\/08\/P1025090-1024x768.jpg\" alt=\"\" class=\"wp-image-5815\" srcset=\"https:\/\/awo-niederaussem.de\/wp-content\/uploads\/2026\/08\/P1025090-1024x768.jpg 1024w, https:\/\/awo-niederaussem.de\/wp-content\/uploads\/2026\/08\/P1025090-300x225.jpg 300w, https:\/\/awo-niederaussem.de\/wp-content\/uploads\/2026\/08\/P1025090-768x576.jpg 768w, https:\/\/awo-niederaussem.de\/wp-content\/uploads\/2026\/08\/P1025090-1536x1152.jpg 1536w, https:\/\/awo-niederaussem.de\/wp-content\/uploads\/2026\/08\/P1025090-2048x1536.jpg 2048w\" sizes=\"auto, (max-width: 1024px) 100vw, 1024px\" \/><\/figure>\n<\/figure>\n","protected":false},"excerpt":{"rendered":"<p>Das Sommerfest am letzten Wochenende im August war gepr\u00e4gt von wechselhaftem Wetter. Trotzdem begr\u00fc\u00dften wir wieder zahlreiche G\u00e4ste &#8211; bei leckeren Getr\u00e4nken, Flammkuchen, Grillspezialit\u00e4ten sowie Kaffee und Kuchen wurde bis in den Abend hinein gefeiert!<\/p>\n","protected":false},"author":3,"featured_media":0,"comment_status":"closed","ping_status":"closed","sticky":false,"template":"","format":"standard","meta":{"footnotes":""},"categories":[3],"tags":[],"class_list":["post-5791","post","type-post","status-publish","format-standard","hentry","category-aktuelles"],"_links":{"self":[{"href":"https:\/\/awo-niederaussem.de\/index.php?rest_route=\/wp\/v2\/posts\/5791","targetHints":{"allow":["GET"]}}],"collection":[{"href":"https:\/\/awo-niederaussem.de\/index.php?rest_route=\/wp\/v2\/posts"}],"about":[{"href":"https:\/\/awo-niederaussem.de\/index.php?rest_route=\/wp\/v2\/types\/post"}],"author":[{"embeddable":true,"href":"https:\/\/awo-niederaussem.de\/index.php?rest_route=\/wp\/v2\/users\/3"}],"replies":[{"embeddable":true,"href":"https:\/\/awo-niederaussem.de\/index.php?rest_route=%2Fwp%2Fv2%2Fcomments&post=5791"}],"version-history":[{"count":1,"href":"https:\/\/awo-niederaussem.de\/index.php?rest_route=\/wp\/v2\/posts\/5791\/revisions"}],"predecessor-version":[{"id":5816,"href":"https:\/\/awo-niederaussem.de\/index.php?rest_route=\/wp\/v2\/posts\/5791\/revisions\/5816"}],"wp:attachment":[{"href":"https:\/\/awo-niederaussem.de\/index.php?rest_route=%2Fwp%2Fv2%2Fmedia&parent=5791"}],"wp:term":[{"taxonomy":"category","embeddable":true,"href":"https:\/\/awo-niederaussem.de\/index.php?rest_route=%2Fwp%2Fv2%2Fcategories&post=5791"},{"taxonomy":"post_tag","embeddable":true,"href":"https:\/\/awo-niederaussem.de\/index.php?rest_route=%2Fwp%2Fv2%2Ftags&post=5791"}],"curies":[{"name":"wp","href":"https:\/\/api.w.org\/{rel}","templated":true}]}}