{"id":5087,"date":"2026-03-10T19:14:19","date_gmt":"2026-03-10T19:14:19","guid":{"rendered":"https:\/\/awo-niederaussem.de\/?p=5087"},"modified":"2026-03-28T13:24:08","modified_gmt":"2026-03-28T13:24:08","slug":"koelnpfad","status":"publish","type":"post","link":"https:\/\/awo-niederaussem.de\/?p=5087","title":{"rendered":"Bericht von der 10.Etappe \u201eEimol \u00f6m K\u00f6lle r\u00f6m\u201c"},"content":{"rendered":"\n<p>Am Sonntag den&nbsp;8.&nbsp;M\u00e4rz&nbsp;starteten wir zur&nbsp;10.&nbsp;Etappe auf dem&nbsp;K\u00f6lnpfad&nbsp;\u201eEimol&nbsp;\u00f6m&nbsp;K\u00f6lle&nbsp;r\u00f6m\u201c.&nbsp;Zur gewohnten Zeit um 9:15 Uhr, von der Festhalle in Niederau\u00dfem nach Weiden-West. Mit der Linie 1 und 7 erreichten wir unseren Startpunkt in Z\u00fcndorf gegen 10:40 Uhr. Von der Haltestelle ging es hinunter zur Groov. Hier&nbsp;war es zu einer Einkehr noch zu fr\u00fch.&nbsp;Um unserer Ziel nicht aus den Augen zu verlieren verlie\u00dfen wir z\u00fcgig Z\u00fcndorf.&nbsp;&nbsp;<\/p>\n\n\n\n<p>Am alten Wehrturm und dem kleinen Hafen vorbei&nbsp;f\u00fchrte der&nbsp;K\u00f6lnpfad&nbsp;uns nun immer an Rheinufer vorbei bis zur sch\u00f6nen Lindenallee in Porz. Wir machten einen kurzen Abstecher zum&nbsp;Fastelovends-Pl\u00e4tzchen mit der Statue von Maria Hollstein,&nbsp;auch&nbsp;\u201eStrandbad\u00b4s&nbsp;Marie\u201c genannt. Als Pr\u00e4sidentin der Fidele K\u00e4tzchen er\u00f6ffnete sie viele Jahre an Weiberfastnacht den Porzer Stra\u00dfenkarneval.Wieder am Rhein angekommen konnten wir unser Tagesziel schon sehen.<\/p>\n\n\n\n<p>&nbsp;Aber zuvor machten wir nach einem kurzen Abstecher im Engelshof unsere geplante Einkehr. Ein sch\u00f6ner Platz im kleinen Biergarten, mit k\u00fchlen Getr\u00e4nken und leckeren Speisen, lie\u00df uns die Zeit vergessen.&nbsp;Auf dem Wegzum Rhein, schauten wir uns die Hochwassermarken an der Nikolauskapelle an. Die Hochwassermarke von 1784 mit 13,55 Meter war schon sehr beeindruckend. Bis zur&nbsp;Rodenkircher&nbsp;Autobahnbr\u00fccke waren es nun noch 2,5 Kilometer.&nbsp;Mit einem wundersch\u00f6nen Ausblick auf das Stadtpanorama mit Dom, von der Autobahnbr\u00fccke, endete unsere 10. Etappe.&nbsp;<\/p>\n\n\n\n<p>Strecke: von Z\u00fcndorf nach Rodenkirchen; ca. 11&nbsp;Kilometer; \u00fcberwiegend Asphaltwege, immer unmittelbar am Rheinufer vorbei, schattige Abschnitte, Temperaturen 20\u00b0; 18 Teilnehmer.&nbsp;&nbsp; &nbsp;<\/p>\n\n\n\n<figure class=\"wp-block-gallery has-nested-images columns-default is-cropped wp-block-gallery-1 is-layout-flex wp-block-gallery-is-layout-flex\"><\/figure>\n\n\n\n<figure class=\"wp-block-gallery has-nested-images columns-default is-cropped wp-block-gallery-2 is-layout-flex wp-block-gallery-is-layout-flex\">\n<figure class=\"wp-block-image size-large\"><img loading=\"lazy\" decoding=\"async\" width=\"1024\" height=\"577\" data-id=\"5092\" src=\"https:\/\/awo-niederaussem.de\/wp-content\/uploads\/2026\/03\/IMG_3227-1024x577.jpeg\" alt=\"\" class=\"wp-image-5092\" srcset=\"https:\/\/awo-niederaussem.de\/wp-content\/uploads\/2026\/03\/IMG_3227-1024x577.jpeg 1024w, https:\/\/awo-niederaussem.de\/wp-content\/uploads\/2026\/03\/IMG_3227-300x169.jpeg 300w, https:\/\/awo-niederaussem.de\/wp-content\/uploads\/2026\/03\/IMG_3227-768x432.jpeg 768w, https:\/\/awo-niederaussem.de\/wp-content\/uploads\/2026\/03\/IMG_3227-1536x865.jpeg 1536w, https:\/\/awo-niederaussem.de\/wp-content\/uploads\/2026\/03\/IMG_3227.jpeg 2000w\" sizes=\"auto, (max-width: 1024px) 100vw, 1024px\" \/><\/figure>\n\n\n\n<figure class=\"wp-block-image size-large\"><img loading=\"lazy\" decoding=\"async\" width=\"1024\" height=\"577\" data-id=\"5091\" src=\"https:\/\/awo-niederaussem.de\/wp-content\/uploads\/2026\/03\/IMG_3229-1024x577.jpeg\" alt=\"\" class=\"wp-image-5091\" srcset=\"https:\/\/awo-niederaussem.de\/wp-content\/uploads\/2026\/03\/IMG_3229-1024x577.jpeg 1024w, https:\/\/awo-niederaussem.de\/wp-content\/uploads\/2026\/03\/IMG_3229-300x169.jpeg 300w, https:\/\/awo-niederaussem.de\/wp-content\/uploads\/2026\/03\/IMG_3229-768x432.jpeg 768w, https:\/\/awo-niederaussem.de\/wp-content\/uploads\/2026\/03\/IMG_3229-1536x865.jpeg 1536w, https:\/\/awo-niederaussem.de\/wp-content\/uploads\/2026\/03\/IMG_3229.jpeg 2000w\" sizes=\"auto, (max-width: 1024px) 100vw, 1024px\" \/><\/figure>\n\n\n\n<figure class=\"wp-block-image size-large\"><img loading=\"lazy\" decoding=\"async\" width=\"1024\" height=\"577\" data-id=\"5089\" src=\"https:\/\/awo-niederaussem.de\/wp-content\/uploads\/2026\/03\/IMG_3230-1024x577.jpeg\" alt=\"\" class=\"wp-image-5089\" srcset=\"https:\/\/awo-niederaussem.de\/wp-content\/uploads\/2026\/03\/IMG_3230-1024x577.jpeg 1024w, https:\/\/awo-niederaussem.de\/wp-content\/uploads\/2026\/03\/IMG_3230-300x169.jpeg 300w, https:\/\/awo-niederaussem.de\/wp-content\/uploads\/2026\/03\/IMG_3230-768x432.jpeg 768w, https:\/\/awo-niederaussem.de\/wp-content\/uploads\/2026\/03\/IMG_3230-1536x865.jpeg 1536w, https:\/\/awo-niederaussem.de\/wp-content\/uploads\/2026\/03\/IMG_3230.jpeg 2000w\" sizes=\"auto, (max-width: 1024px) 100vw, 1024px\" \/><\/figure>\n\n\n\n<figure class=\"wp-block-image size-large\"><img loading=\"lazy\" decoding=\"async\" width=\"1024\" height=\"577\" data-id=\"5094\" src=\"https:\/\/awo-niederaussem.de\/wp-content\/uploads\/2026\/03\/IMG_3231-1024x577.jpeg\" alt=\"\" class=\"wp-image-5094\" srcset=\"https:\/\/awo-niederaussem.de\/wp-content\/uploads\/2026\/03\/IMG_3231-1024x577.jpeg 1024w, https:\/\/awo-niederaussem.de\/wp-content\/uploads\/2026\/03\/IMG_3231-300x169.jpeg 300w, https:\/\/awo-niederaussem.de\/wp-content\/uploads\/2026\/03\/IMG_3231-768x432.jpeg 768w, https:\/\/awo-niederaussem.de\/wp-content\/uploads\/2026\/03\/IMG_3231-1536x865.jpeg 1536w, https:\/\/awo-niederaussem.de\/wp-content\/uploads\/2026\/03\/IMG_3231.jpeg 2000w\" sizes=\"auto, (max-width: 1024px) 100vw, 1024px\" \/><\/figure>\n\n\n\n<figure class=\"wp-block-image size-large\"><img loading=\"lazy\" decoding=\"async\" width=\"1024\" height=\"582\" data-id=\"5093\" src=\"https:\/\/awo-niederaussem.de\/wp-content\/uploads\/2026\/03\/IMG_3232-1024x582.jpeg\" alt=\"\" class=\"wp-image-5093\" srcset=\"https:\/\/awo-niederaussem.de\/wp-content\/uploads\/2026\/03\/IMG_3232-1024x582.jpeg 1024w, https:\/\/awo-niederaussem.de\/wp-content\/uploads\/2026\/03\/IMG_3232-300x171.jpeg 300w, https:\/\/awo-niederaussem.de\/wp-content\/uploads\/2026\/03\/IMG_3232-768x437.jpeg 768w, https:\/\/awo-niederaussem.de\/wp-content\/uploads\/2026\/03\/IMG_3232-1536x873.jpeg 1536w, https:\/\/awo-niederaussem.de\/wp-content\/uploads\/2026\/03\/IMG_3232.jpeg 1960w\" sizes=\"auto, (max-width: 1024px) 100vw, 1024px\" \/><\/figure>\n\n\n\n<figure class=\"wp-block-image size-large\"><img loading=\"lazy\" decoding=\"async\" width=\"1024\" height=\"577\" data-id=\"5090\" src=\"https:\/\/awo-niederaussem.de\/wp-content\/uploads\/2026\/03\/IMG_3233-1024x577.jpeg\" alt=\"\" class=\"wp-image-5090\" srcset=\"https:\/\/awo-niederaussem.de\/wp-content\/uploads\/2026\/03\/IMG_3233-1024x577.jpeg 1024w, https:\/\/awo-niederaussem.de\/wp-content\/uploads\/2026\/03\/IMG_3233-300x169.jpeg 300w, https:\/\/awo-niederaussem.de\/wp-content\/uploads\/2026\/03\/IMG_3233-768x432.jpeg 768w, https:\/\/awo-niederaussem.de\/wp-content\/uploads\/2026\/03\/IMG_3233-1536x865.jpeg 1536w, https:\/\/awo-niederaussem.de\/wp-content\/uploads\/2026\/03\/IMG_3233.jpeg 2000w\" sizes=\"auto, (max-width: 1024px) 100vw, 1024px\" \/><\/figure>\n<\/figure>\n\n\n\n<figure class=\"wp-block-gallery has-nested-images columns-default is-cropped wp-block-gallery-3 is-layout-flex wp-block-gallery-is-layout-flex\">\n<figure class=\"wp-block-image size-large\"><img loading=\"lazy\" decoding=\"async\" width=\"1024\" height=\"583\" data-id=\"5098\" src=\"https:\/\/awo-niederaussem.de\/wp-content\/uploads\/2026\/03\/IMG_3234-1024x583.jpeg\" alt=\"\" class=\"wp-image-5098\" srcset=\"https:\/\/awo-niederaussem.de\/wp-content\/uploads\/2026\/03\/IMG_3234-1024x583.jpeg 1024w, https:\/\/awo-niederaussem.de\/wp-content\/uploads\/2026\/03\/IMG_3234-300x171.jpeg 300w, https:\/\/awo-niederaussem.de\/wp-content\/uploads\/2026\/03\/IMG_3234-768x437.jpeg 768w, https:\/\/awo-niederaussem.de\/wp-content\/uploads\/2026\/03\/IMG_3234-1536x874.jpeg 1536w, https:\/\/awo-niederaussem.de\/wp-content\/uploads\/2026\/03\/IMG_3234.jpeg 1803w\" sizes=\"auto, (max-width: 1024px) 100vw, 1024px\" \/><\/figure>\n\n\n\n<figure class=\"wp-block-image size-large\"><img loading=\"lazy\" decoding=\"async\" width=\"768\" height=\"1024\" data-id=\"5096\" src=\"https:\/\/awo-niederaussem.de\/wp-content\/uploads\/2026\/03\/IMG_3235-768x1024.jpeg\" alt=\"\" class=\"wp-image-5096\" srcset=\"https:\/\/awo-niederaussem.de\/wp-content\/uploads\/2026\/03\/IMG_3235-768x1024.jpeg 768w, https:\/\/awo-niederaussem.de\/wp-content\/uploads\/2026\/03\/IMG_3235-225x300.jpeg 225w, https:\/\/awo-niederaussem.de\/wp-content\/uploads\/2026\/03\/IMG_3235-1152x1536.jpeg 1152w, https:\/\/awo-niederaussem.de\/wp-content\/uploads\/2026\/03\/IMG_3235.jpeg 1200w\" sizes=\"auto, (max-width: 768px) 100vw, 768px\" \/><\/figure>\n\n\n\n<figure class=\"wp-block-image size-large\"><img loading=\"lazy\" decoding=\"async\" width=\"1024\" height=\"611\" data-id=\"5095\" src=\"https:\/\/awo-niederaussem.de\/wp-content\/uploads\/2026\/03\/IMG_3236-1024x611.jpeg\" alt=\"\" class=\"wp-image-5095\" srcset=\"https:\/\/awo-niederaussem.de\/wp-content\/uploads\/2026\/03\/IMG_3236-1024x611.jpeg 1024w, https:\/\/awo-niederaussem.de\/wp-content\/uploads\/2026\/03\/IMG_3236-300x179.jpeg 300w, https:\/\/awo-niederaussem.de\/wp-content\/uploads\/2026\/03\/IMG_3236-768x458.jpeg 768w, https:\/\/awo-niederaussem.de\/wp-content\/uploads\/2026\/03\/IMG_3236-1536x916.jpeg 1536w, https:\/\/awo-niederaussem.de\/wp-content\/uploads\/2026\/03\/IMG_3236.jpeg 1680w\" sizes=\"auto, (max-width: 1024px) 100vw, 1024px\" \/><\/figure>\n\n\n\n<figure class=\"wp-block-image size-large\"><img loading=\"lazy\" decoding=\"async\" width=\"577\" height=\"1024\" data-id=\"5097\" src=\"https:\/\/awo-niederaussem.de\/wp-content\/uploads\/2026\/03\/IMG_3237-577x1024.jpeg\" alt=\"\" class=\"wp-image-5097\" srcset=\"https:\/\/awo-niederaussem.de\/wp-content\/uploads\/2026\/03\/IMG_3237-577x1024.jpeg 577w, https:\/\/awo-niederaussem.de\/wp-content\/uploads\/2026\/03\/IMG_3237-169x300.jpeg 169w, https:\/\/awo-niederaussem.de\/wp-content\/uploads\/2026\/03\/IMG_3237-768x1364.jpeg 768w, https:\/\/awo-niederaussem.de\/wp-content\/uploads\/2026\/03\/IMG_3237-865x1536.jpeg 865w, https:\/\/awo-niederaussem.de\/wp-content\/uploads\/2026\/03\/IMG_3237.jpeg 1126w\" sizes=\"auto, (max-width: 577px) 100vw, 577px\" \/><\/figure>\n\n\n\n<figure class=\"wp-block-image size-large\"><img loading=\"lazy\" decoding=\"async\" width=\"1024\" height=\"577\" data-id=\"5100\" src=\"https:\/\/awo-niederaussem.de\/wp-content\/uploads\/2026\/03\/IMG_3238-1024x577.jpeg\" alt=\"\" class=\"wp-image-5100\" srcset=\"https:\/\/awo-niederaussem.de\/wp-content\/uploads\/2026\/03\/IMG_3238-1024x577.jpeg 1024w, https:\/\/awo-niederaussem.de\/wp-content\/uploads\/2026\/03\/IMG_3238-300x169.jpeg 300w, https:\/\/awo-niederaussem.de\/wp-content\/uploads\/2026\/03\/IMG_3238-768x432.jpeg 768w, https:\/\/awo-niederaussem.de\/wp-content\/uploads\/2026\/03\/IMG_3238-1536x865.jpeg 1536w, https:\/\/awo-niederaussem.de\/wp-content\/uploads\/2026\/03\/IMG_3238.jpeg 2000w\" sizes=\"auto, (max-width: 1024px) 100vw, 1024px\" \/><\/figure>\n\n\n\n<figure class=\"wp-block-image size-large\"><img loading=\"lazy\" decoding=\"async\" width=\"625\" height=\"1024\" data-id=\"5099\" src=\"https:\/\/awo-niederaussem.de\/wp-content\/uploads\/2026\/03\/IMG_3239-625x1024.jpeg\" alt=\"\" class=\"wp-image-5099\" srcset=\"https:\/\/awo-niederaussem.de\/wp-content\/uploads\/2026\/03\/IMG_3239-625x1024.jpeg 625w, https:\/\/awo-niederaussem.de\/wp-content\/uploads\/2026\/03\/IMG_3239-183x300.jpeg 183w, https:\/\/awo-niederaussem.de\/wp-content\/uploads\/2026\/03\/IMG_3239-768x1259.jpeg 768w, https:\/\/awo-niederaussem.de\/wp-content\/uploads\/2026\/03\/IMG_3239-937x1536.jpeg 937w, https:\/\/awo-niederaussem.de\/wp-content\/uploads\/2026\/03\/IMG_3239.jpeg 1249w\" sizes=\"auto, (max-width: 625px) 100vw, 625px\" \/><\/figure>\n<\/figure>\n\n\n\n<figure class=\"wp-block-gallery has-nested-images columns-default is-cropped wp-block-gallery-4 is-layout-flex wp-block-gallery-is-layout-flex\">\n<figure class=\"wp-block-image size-large\"><img loading=\"lazy\" decoding=\"async\" width=\"1024\" height=\"577\" data-id=\"5105\" src=\"https:\/\/awo-niederaussem.de\/wp-content\/uploads\/2026\/03\/IMG_3240-1024x577.jpeg\" alt=\"\" class=\"wp-image-5105\" srcset=\"https:\/\/awo-niederaussem.de\/wp-content\/uploads\/2026\/03\/IMG_3240-1024x577.jpeg 1024w, https:\/\/awo-niederaussem.de\/wp-content\/uploads\/2026\/03\/IMG_3240-300x169.jpeg 300w, https:\/\/awo-niederaussem.de\/wp-content\/uploads\/2026\/03\/IMG_3240-768x432.jpeg 768w, https:\/\/awo-niederaussem.de\/wp-content\/uploads\/2026\/03\/IMG_3240-1536x865.jpeg 1536w, https:\/\/awo-niederaussem.de\/wp-content\/uploads\/2026\/03\/IMG_3240.jpeg 2048w\" sizes=\"auto, (max-width: 1024px) 100vw, 1024px\" \/><\/figure>\n\n\n\n<figure class=\"wp-block-image size-large\"><img loading=\"lazy\" decoding=\"async\" width=\"1024\" height=\"577\" data-id=\"5103\" src=\"https:\/\/awo-niederaussem.de\/wp-content\/uploads\/2026\/03\/IMG_3241-1024x577.jpeg\" alt=\"\" class=\"wp-image-5103\" srcset=\"https:\/\/awo-niederaussem.de\/wp-content\/uploads\/2026\/03\/IMG_3241-1024x577.jpeg 1024w, https:\/\/awo-niederaussem.de\/wp-content\/uploads\/2026\/03\/IMG_3241-300x169.jpeg 300w, https:\/\/awo-niederaussem.de\/wp-content\/uploads\/2026\/03\/IMG_3241-768x432.jpeg 768w, https:\/\/awo-niederaussem.de\/wp-content\/uploads\/2026\/03\/IMG_3241-1536x865.jpeg 1536w, https:\/\/awo-niederaussem.de\/wp-content\/uploads\/2026\/03\/IMG_3241.jpeg 2048w\" sizes=\"auto, (max-width: 1024px) 100vw, 1024px\" \/><\/figure>\n\n\n\n<figure class=\"wp-block-image size-large\"><img loading=\"lazy\" decoding=\"async\" width=\"1024\" height=\"577\" data-id=\"5104\" src=\"https:\/\/awo-niederaussem.de\/wp-content\/uploads\/2026\/03\/IMG_3242-1024x577.jpeg\" alt=\"\" class=\"wp-image-5104\" srcset=\"https:\/\/awo-niederaussem.de\/wp-content\/uploads\/2026\/03\/IMG_3242-1024x577.jpeg 1024w, https:\/\/awo-niederaussem.de\/wp-content\/uploads\/2026\/03\/IMG_3242-300x169.jpeg 300w, https:\/\/awo-niederaussem.de\/wp-content\/uploads\/2026\/03\/IMG_3242-768x432.jpeg 768w, https:\/\/awo-niederaussem.de\/wp-content\/uploads\/2026\/03\/IMG_3242-1536x865.jpeg 1536w, https:\/\/awo-niederaussem.de\/wp-content\/uploads\/2026\/03\/IMG_3242.jpeg 2048w\" sizes=\"auto, (max-width: 1024px) 100vw, 1024px\" \/><\/figure>\n\n\n\n<figure class=\"wp-block-image size-large\"><img loading=\"lazy\" decoding=\"async\" width=\"1024\" height=\"577\" data-id=\"5106\" src=\"https:\/\/awo-niederaussem.de\/wp-content\/uploads\/2026\/03\/IMG_3243-1024x577.jpeg\" alt=\"\" class=\"wp-image-5106\" srcset=\"https:\/\/awo-niederaussem.de\/wp-content\/uploads\/2026\/03\/IMG_3243-1024x577.jpeg 1024w, https:\/\/awo-niederaussem.de\/wp-content\/uploads\/2026\/03\/IMG_3243-300x169.jpeg 300w, https:\/\/awo-niederaussem.de\/wp-content\/uploads\/2026\/03\/IMG_3243-768x432.jpeg 768w, https:\/\/awo-niederaussem.de\/wp-content\/uploads\/2026\/03\/IMG_3243-1536x865.jpeg 1536w, https:\/\/awo-niederaussem.de\/wp-content\/uploads\/2026\/03\/IMG_3243.jpeg 2048w\" sizes=\"auto, (max-width: 1024px) 100vw, 1024px\" \/><\/figure>\n\n\n\n<figure class=\"wp-block-image size-large\"><img loading=\"lazy\" decoding=\"async\" width=\"1024\" height=\"624\" data-id=\"5102\" src=\"https:\/\/awo-niederaussem.de\/wp-content\/uploads\/2026\/03\/IMG_3244-1024x624.jpeg\" alt=\"\" class=\"wp-image-5102\" srcset=\"https:\/\/awo-niederaussem.de\/wp-content\/uploads\/2026\/03\/IMG_3244-1024x624.jpeg 1024w, https:\/\/awo-niederaussem.de\/wp-content\/uploads\/2026\/03\/IMG_3244-300x183.jpeg 300w, https:\/\/awo-niederaussem.de\/wp-content\/uploads\/2026\/03\/IMG_3244-768x468.jpeg 768w, https:\/\/awo-niederaussem.de\/wp-content\/uploads\/2026\/03\/IMG_3244-1536x936.jpeg 1536w, https:\/\/awo-niederaussem.de\/wp-content\/uploads\/2026\/03\/IMG_3244.jpeg 1845w\" sizes=\"auto, (max-width: 1024px) 100vw, 1024px\" \/><\/figure>\n\n\n\n<figure class=\"wp-block-image size-large\"><img loading=\"lazy\" decoding=\"async\" width=\"694\" height=\"1024\" data-id=\"5101\" src=\"https:\/\/awo-niederaussem.de\/wp-content\/uploads\/2026\/03\/IMG_3245-694x1024.jpeg\" alt=\"\" class=\"wp-image-5101\" srcset=\"https:\/\/awo-niederaussem.de\/wp-content\/uploads\/2026\/03\/IMG_3245-694x1024.jpeg 694w, https:\/\/awo-niederaussem.de\/wp-content\/uploads\/2026\/03\/IMG_3245-203x300.jpeg 203w, https:\/\/awo-niederaussem.de\/wp-content\/uploads\/2026\/03\/IMG_3245-768x1134.jpeg 768w, https:\/\/awo-niederaussem.de\/wp-content\/uploads\/2026\/03\/IMG_3245-1040x1536.jpeg 1040w, https:\/\/awo-niederaussem.de\/wp-content\/uploads\/2026\/03\/IMG_3245.jpeg 1306w\" sizes=\"auto, (max-width: 694px) 100vw, 694px\" \/><\/figure>\n<\/figure>\n\n\n\n<figure class=\"wp-block-image size-large\"><img loading=\"lazy\" decoding=\"async\" width=\"1024\" height=\"614\" src=\"https:\/\/awo-niederaussem.de\/wp-content\/uploads\/2026\/03\/IMG_3246-1024x614.jpeg\" alt=\"\" class=\"wp-image-5107\" srcset=\"https:\/\/awo-niederaussem.de\/wp-content\/uploads\/2026\/03\/IMG_3246-1024x614.jpeg 1024w, https:\/\/awo-niederaussem.de\/wp-content\/uploads\/2026\/03\/IMG_3246-300x180.jpeg 300w, https:\/\/awo-niederaussem.de\/wp-content\/uploads\/2026\/03\/IMG_3246-768x460.jpeg 768w, https:\/\/awo-niederaussem.de\/wp-content\/uploads\/2026\/03\/IMG_3246-1536x921.jpeg 1536w, https:\/\/awo-niederaussem.de\/wp-content\/uploads\/2026\/03\/IMG_3246.jpeg 1908w\" sizes=\"auto, (max-width: 1024px) 100vw, 1024px\" \/><\/figure>\n\n\n\n<figure class=\"wp-block-gallery has-nested-images columns-default is-cropped wp-block-gallery-5 is-layout-flex wp-block-gallery-is-layout-flex\">\n<figure class=\"wp-block-image size-large\"><img loading=\"lazy\" decoding=\"async\" width=\"1024\" height=\"577\" data-id=\"5113\" src=\"https:\/\/awo-niederaussem.de\/wp-content\/uploads\/2026\/03\/IMG_3247-1024x577.jpeg\" alt=\"\" class=\"wp-image-5113\" srcset=\"https:\/\/awo-niederaussem.de\/wp-content\/uploads\/2026\/03\/IMG_3247-1024x577.jpeg 1024w, https:\/\/awo-niederaussem.de\/wp-content\/uploads\/2026\/03\/IMG_3247-300x169.jpeg 300w, https:\/\/awo-niederaussem.de\/wp-content\/uploads\/2026\/03\/IMG_3247-768x432.jpeg 768w, https:\/\/awo-niederaussem.de\/wp-content\/uploads\/2026\/03\/IMG_3247-1536x865.jpeg 1536w, https:\/\/awo-niederaussem.de\/wp-content\/uploads\/2026\/03\/IMG_3247.jpeg 2048w\" sizes=\"auto, (max-width: 1024px) 100vw, 1024px\" \/><\/figure>\n\n\n\n<figure class=\"wp-block-image size-large\"><img loading=\"lazy\" decoding=\"async\" width=\"577\" height=\"1024\" data-id=\"5111\" src=\"https:\/\/awo-niederaussem.de\/wp-content\/uploads\/2026\/03\/IMG_3248-577x1024.jpeg\" alt=\"\" class=\"wp-image-5111\" srcset=\"https:\/\/awo-niederaussem.de\/wp-content\/uploads\/2026\/03\/IMG_3248-577x1024.jpeg 577w, https:\/\/awo-niederaussem.de\/wp-content\/uploads\/2026\/03\/IMG_3248-169x300.jpeg 169w, https:\/\/awo-niederaussem.de\/wp-content\/uploads\/2026\/03\/IMG_3248-768x1364.jpeg 768w, https:\/\/awo-niederaussem.de\/wp-content\/uploads\/2026\/03\/IMG_3248-865x1536.jpeg 865w, https:\/\/awo-niederaussem.de\/wp-content\/uploads\/2026\/03\/IMG_3248.jpeg 1126w\" sizes=\"auto, (max-width: 577px) 100vw, 577px\" \/><\/figure>\n\n\n\n<figure class=\"wp-block-image size-large\"><img loading=\"lazy\" decoding=\"async\" width=\"1024\" height=\"577\" data-id=\"5112\" src=\"https:\/\/awo-niederaussem.de\/wp-content\/uploads\/2026\/03\/IMG_3249-1024x577.jpeg\" alt=\"\" class=\"wp-image-5112\" srcset=\"https:\/\/awo-niederaussem.de\/wp-content\/uploads\/2026\/03\/IMG_3249-1024x577.jpeg 1024w, https:\/\/awo-niederaussem.de\/wp-content\/uploads\/2026\/03\/IMG_3249-300x169.jpeg 300w, https:\/\/awo-niederaussem.de\/wp-content\/uploads\/2026\/03\/IMG_3249-768x432.jpeg 768w, https:\/\/awo-niederaussem.de\/wp-content\/uploads\/2026\/03\/IMG_3249-1536x865.jpeg 1536w, https:\/\/awo-niederaussem.de\/wp-content\/uploads\/2026\/03\/IMG_3249.jpeg 2000w\" sizes=\"auto, (max-width: 1024px) 100vw, 1024px\" \/><\/figure>\n\n\n\n<figure class=\"wp-block-image size-large\"><img loading=\"lazy\" decoding=\"async\" width=\"632\" height=\"1024\" data-id=\"5110\" src=\"https:\/\/awo-niederaussem.de\/wp-content\/uploads\/2026\/03\/IMG_3250-632x1024.jpeg\" alt=\"\" class=\"wp-image-5110\" srcset=\"https:\/\/awo-niederaussem.de\/wp-content\/uploads\/2026\/03\/IMG_3250-632x1024.jpeg 632w, https:\/\/awo-niederaussem.de\/wp-content\/uploads\/2026\/03\/IMG_3250-185x300.jpeg 185w, https:\/\/awo-niederaussem.de\/wp-content\/uploads\/2026\/03\/IMG_3250-768x1244.jpeg 768w, https:\/\/awo-niederaussem.de\/wp-content\/uploads\/2026\/03\/IMG_3250-948x1536.jpeg 948w, https:\/\/awo-niederaussem.de\/wp-content\/uploads\/2026\/03\/IMG_3250.jpeg 1264w\" sizes=\"auto, (max-width: 632px) 100vw, 632px\" \/><\/figure>\n\n\n\n<figure class=\"wp-block-image size-large\"><img loading=\"lazy\" decoding=\"async\" width=\"1024\" height=\"595\" data-id=\"5108\" src=\"https:\/\/awo-niederaussem.de\/wp-content\/uploads\/2026\/03\/IMG_3251-1024x595.jpeg\" alt=\"\" class=\"wp-image-5108\" srcset=\"https:\/\/awo-niederaussem.de\/wp-content\/uploads\/2026\/03\/IMG_3251-1024x595.jpeg 1024w, https:\/\/awo-niederaussem.de\/wp-content\/uploads\/2026\/03\/IMG_3251-300x174.jpeg 300w, https:\/\/awo-niederaussem.de\/wp-content\/uploads\/2026\/03\/IMG_3251-768x446.jpeg 768w, https:\/\/awo-niederaussem.de\/wp-content\/uploads\/2026\/03\/IMG_3251-1536x893.jpeg 1536w, https:\/\/awo-niederaussem.de\/wp-content\/uploads\/2026\/03\/IMG_3251.jpeg 2048w\" sizes=\"auto, (max-width: 1024px) 100vw, 1024px\" \/><\/figure>\n\n\n\n<figure class=\"wp-block-image size-large\"><img loading=\"lazy\" decoding=\"async\" width=\"1024\" height=\"609\" data-id=\"5109\" src=\"https:\/\/awo-niederaussem.de\/wp-content\/uploads\/2026\/03\/IMG_3252-1024x609.jpeg\" alt=\"\" class=\"wp-image-5109\" srcset=\"https:\/\/awo-niederaussem.de\/wp-content\/uploads\/2026\/03\/IMG_3252-1024x609.jpeg 1024w, https:\/\/awo-niederaussem.de\/wp-content\/uploads\/2026\/03\/IMG_3252-300x178.jpeg 300w, https:\/\/awo-niederaussem.de\/wp-content\/uploads\/2026\/03\/IMG_3252-768x457.jpeg 768w, https:\/\/awo-niederaussem.de\/wp-content\/uploads\/2026\/03\/IMG_3252-1536x914.jpeg 1536w, https:\/\/awo-niederaussem.de\/wp-content\/uploads\/2026\/03\/IMG_3252.jpeg 2048w\" sizes=\"auto, (max-width: 1024px) 100vw, 1024px\" \/><\/figure>\n<\/figure>\n\n\n\n<figure class=\"wp-block-gallery has-nested-images columns-default is-cropped wp-block-gallery-6 is-layout-flex wp-block-gallery-is-layout-flex\">\n<figure class=\"wp-block-image size-large\"><img loading=\"lazy\" decoding=\"async\" width=\"1024\" height=\"577\" data-id=\"5114\" src=\"https:\/\/awo-niederaussem.de\/wp-content\/uploads\/2026\/03\/IMG_3254-1024x577.jpeg\" alt=\"\" class=\"wp-image-5114\" srcset=\"https:\/\/awo-niederaussem.de\/wp-content\/uploads\/2026\/03\/IMG_3254-1024x577.jpeg 1024w, https:\/\/awo-niederaussem.de\/wp-content\/uploads\/2026\/03\/IMG_3254-300x169.jpeg 300w, https:\/\/awo-niederaussem.de\/wp-content\/uploads\/2026\/03\/IMG_3254-768x432.jpeg 768w, https:\/\/awo-niederaussem.de\/wp-content\/uploads\/2026\/03\/IMG_3254-1536x865.jpeg 1536w, https:\/\/awo-niederaussem.de\/wp-content\/uploads\/2026\/03\/IMG_3254.jpeg 2000w\" sizes=\"auto, (max-width: 1024px) 100vw, 1024px\" \/><\/figure>\n\n\n\n<figure class=\"wp-block-image size-large\"><img loading=\"lazy\" decoding=\"async\" width=\"1024\" height=\"577\" data-id=\"5115\" src=\"https:\/\/awo-niederaussem.de\/wp-content\/uploads\/2026\/03\/IMG_3253-1024x577.jpeg\" alt=\"\" class=\"wp-image-5115\" srcset=\"https:\/\/awo-niederaussem.de\/wp-content\/uploads\/2026\/03\/IMG_3253-1024x577.jpeg 1024w, https:\/\/awo-niederaussem.de\/wp-content\/uploads\/2026\/03\/IMG_3253-300x169.jpeg 300w, https:\/\/awo-niederaussem.de\/wp-content\/uploads\/2026\/03\/IMG_3253-768x432.jpeg 768w, https:\/\/awo-niederaussem.de\/wp-content\/uploads\/2026\/03\/IMG_3253-1536x865.jpeg 1536w, https:\/\/awo-niederaussem.de\/wp-content\/uploads\/2026\/03\/IMG_3253.jpeg 2000w\" sizes=\"auto, (max-width: 1024px) 100vw, 1024px\" \/><\/figure>\n<\/figure>\n","protected":false},"excerpt":{"rendered":"<p>Am Sonntag den&nbsp;8.&nbsp;M\u00e4rz&nbsp;starteten wir zur&nbsp;10.&nbsp;Etappe auf dem&nbsp;K\u00f6lnpfad&nbsp;\u201eEimol&nbsp;\u00f6m&nbsp;K\u00f6lle&nbsp;r\u00f6m\u201c.&nbsp;Zur gewohnten Zeit um 9:15 Uhr, von der Festhalle in Niederau\u00dfem nach Weiden-West. Mit der Linie 1 und 7 erreichten wir unseren Startpunkt in Z\u00fcndorf gegen 10:40 Uhr. Von der Haltestelle ging es hinunter zur Groov. Hier&nbsp;war es zu einer Einkehr noch zu fr\u00fch.&nbsp;Um unserer Ziel nicht aus den [&hellip;]<\/p>\n","protected":false},"author":3,"featured_media":5088,"comment_status":"closed","ping_status":"closed","sticky":false,"template":"","format":"standard","meta":{"footnotes":""},"categories":[14],"tags":[],"class_list":["post-5087","post","type-post","status-publish","format-standard","has-post-thumbnail","hentry","category-archiv"],"_links":{"self":[{"href":"https:\/\/awo-niederaussem.de\/index.php?rest_route=\/wp\/v2\/posts\/5087","targetHints":{"allow":["GET"]}}],"collection":[{"href":"https:\/\/awo-niederaussem.de\/index.php?rest_route=\/wp\/v2\/posts"}],"about":[{"href":"https:\/\/awo-niederaussem.de\/index.php?rest_route=\/wp\/v2\/types\/post"}],"author":[{"embeddable":true,"href":"https:\/\/awo-niederaussem.de\/index.php?rest_route=\/wp\/v2\/users\/3"}],"replies":[{"embeddable":true,"href":"https:\/\/awo-niederaussem.de\/index.php?rest_route=%2Fwp%2Fv2%2Fcomments&post=5087"}],"version-history":[{"count":3,"href":"https:\/\/awo-niederaussem.de\/index.php?rest_route=\/wp\/v2\/posts\/5087\/revisions"}],"predecessor-version":[{"id":5178,"href":"https:\/\/awo-niederaussem.de\/index.php?rest_route=\/wp\/v2\/posts\/5087\/revisions\/5178"}],"wp:featuredmedia":[{"embeddable":true,"href":"https:\/\/awo-niederaussem.de\/index.php?rest_route=\/wp\/v2\/media\/5088"}],"wp:attachment":[{"href":"https:\/\/awo-niederaussem.de\/index.php?rest_route=%2Fwp%2Fv2%2Fmedia&parent=5087"}],"wp:term":[{"taxonomy":"category","embeddable":true,"href":"https:\/\/awo-niederaussem.de\/index.php?rest_route=%2Fwp%2Fv2%2Fcategories&post=5087"},{"taxonomy":"post_tag","embeddable":true,"href":"https:\/\/awo-niederaussem.de\/index.php?rest_route=%2Fwp%2Fv2%2Ftags&post=5087"}],"curies":[{"name":"wp","href":"https:\/\/api.w.org\/{rel}","templated":true}]}}