{"id":5050,"date":"2026-03-07T08:23:42","date_gmt":"2026-03-07T08:23:42","guid":{"rendered":"https:\/\/awo-niederaussem.de\/?p=5050"},"modified":"2026-03-11T13:47:51","modified_gmt":"2026-03-11T13:47:51","slug":"helfer-gesucht-aktionstag-saubere-stadt","status":"publish","type":"post","link":"https:\/\/awo-niederaussem.de\/?p=5050","title":{"rendered":"\u201eHelfer gesucht\u201c &#8211; Aktionstag \u201eSaubere Stadt\u201c"},"content":{"rendered":"\n<p>\u00dcber 2o Jahre unterst\u00fctzt die AWO Niederau\u00dfem die Aktion \u201eSaubere Stadt\u201c. In diesem Jahr m\u00f6chten wir unseren \u201eS\u00e4uberungsbereich\u201c auf die Ortseinfahrten ausweiten .. und brauchen daher noch etwas Unterst\u00fctzung am 21.M\u00e4rz. <\/p>\n\n\n\n<p>Also, wer Zeit und Lust hat \u2026. meldet sich bitte gerne per mail : <\/p>\n\n\n\n<p><a href=\"mailto:info@awo-niederaussem.de\">info@awo-niederaussem.de<\/a> <\/p>\n\n\n\n<p>Gerne auch telefonisch:<\/p>\n\n\n\n<p>Frank R\u00fcdelstein 0178 56 22 500<\/p>\n\n\n\n<p>Norbert Martin 0177 42 08 444<\/p>\n","protected":false},"excerpt":{"rendered":"<p>\u00dcber 2o Jahre unterst\u00fctzt die AWO Niederau\u00dfem die Aktion \u201eSaubere Stadt\u201c. In diesem Jahr m\u00f6chten wir unseren \u201eS\u00e4uberungsbereich\u201c auf die Ortseinfahrten ausweiten .. und brauchen daher noch etwas Unterst\u00fctzung am 21.M\u00e4rz. Also, wer Zeit und Lust hat \u2026. meldet sich bitte gerne per mail : info@awo-niederaussem.de Gerne auch telefonisch: Frank R\u00fcdelstein 0178 56 22 500 [&hellip;]<\/p>\n","protected":false},"author":3,"featured_media":5051,"comment_status":"closed","ping_status":"closed","sticky":false,"template":"","format":"standard","meta":{"footnotes":""},"categories":[14],"tags":[],"class_list":["post-5050","post","type-post","status-publish","format-standard","has-post-thumbnail","hentry","category-archiv"],"_links":{"self":[{"href":"https:\/\/awo-niederaussem.de\/index.php?rest_route=\/wp\/v2\/posts\/5050","targetHints":{"allow":["GET"]}}],"collection":[{"href":"https:\/\/awo-niederaussem.de\/index.php?rest_route=\/wp\/v2\/posts"}],"about":[{"href":"https:\/\/awo-niederaussem.de\/index.php?rest_route=\/wp\/v2\/types\/post"}],"author":[{"embeddable":true,"href":"https:\/\/awo-niederaussem.de\/index.php?rest_route=\/wp\/v2\/users\/3"}],"replies":[{"embeddable":true,"href":"https:\/\/awo-niederaussem.de\/index.php?rest_route=%2Fwp%2Fv2%2Fcomments&post=5050"}],"version-history":[{"count":2,"href":"https:\/\/awo-niederaussem.de\/index.php?rest_route=\/wp\/v2\/posts\/5050\/revisions"}],"predecessor-version":[{"id":5177,"href":"https:\/\/awo-niederaussem.de\/index.php?rest_route=\/wp\/v2\/posts\/5050\/revisions\/5177"}],"wp:featuredmedia":[{"embeddable":true,"href":"https:\/\/awo-niederaussem.de\/index.php?rest_route=\/wp\/v2\/media\/5051"}],"wp:attachment":[{"href":"https:\/\/awo-niederaussem.de\/index.php?rest_route=%2Fwp%2Fv2%2Fmedia&parent=5050"}],"wp:term":[{"taxonomy":"category","embeddable":true,"href":"https:\/\/awo-niederaussem.de\/index.php?rest_route=%2Fwp%2Fv2%2Fcategories&post=5050"},{"taxonomy":"post_tag","embeddable":true,"href":"https:\/\/awo-niederaussem.de\/index.php?rest_route=%2Fwp%2Fv2%2Ftags&post=5050"}],"curies":[{"name":"wp","href":"https:\/\/api.w.org\/{rel}","templated":true}]}}