{"id":3111,"date":"2025-03-12T07:51:00","date_gmt":"2025-03-12T07:51:00","guid":{"rendered":"https:\/\/awo-niederaussem.de\/?p=3111"},"modified":"2025-03-18T18:12:14","modified_gmt":"2025-03-18T18:12:14","slug":"aktion-saubere-stadt","status":"publish","type":"post","link":"https:\/\/awo-niederaussem.de\/?p=3111","title":{"rendered":"Aktion &#8222;Saubere Stadt&#8220;"},"content":{"rendered":"\n<p>Nit quatsche sondern &#8222;MACHE&#8220;, ist unser Motto seit 2005. Der AWO OV Niederau\u00dfem-Auenheim e.V. beteiligt sich nun seit zwanzig Jahren regelm\u00e4\u00dfig bei der Aktion &#8222;Saubere Stadt&#8220;.<\/p>\n\n\n\n<p>Es macht einen nachdenklich bei den ganzen Abf\u00e4llen die man so findet. Von dem Flachmann an der Kasse gekauft, der f\u00fcnfzig Meter weiter in der B\u00f6schung fliegt. Die Verpackungen To Go gleich Fott domet. Von Sperrm\u00fcll \u00fcber Gefahrstoffe ist schon alles dabei gewesen. Aber was mich erschrocken hat <a><\/a>sind die Lachgasflaschen, die wir an verschiedenen Stellen gefunden haben. Traurig!<\/p>\n\n\n\n<p>Hier noch einige Bilder aus zwanzig Jahren &#8222;Aktionstag Saubere Stadt&#8220;. Wir machen weiter und haben Spa\u00df bei der Aktion.<\/p>\n\n\n\n<figure class=\"wp-block-image size-full is-resized\"><img loading=\"lazy\" decoding=\"async\" width=\"640\" height=\"360\" src=\"https:\/\/awo-niederaussem.de\/wp-content\/uploads\/2025\/03\/k-2025-03-08-Aktionstag-8-1.jpeg\" alt=\"\" class=\"wp-image-3135\" style=\"width:840px;height:auto\" srcset=\"https:\/\/awo-niederaussem.de\/wp-content\/uploads\/2025\/03\/k-2025-03-08-Aktionstag-8-1.jpeg 640w, https:\/\/awo-niederaussem.de\/wp-content\/uploads\/2025\/03\/k-2025-03-08-Aktionstag-8-1-300x169.jpeg 300w\" sizes=\"auto, (max-width: 640px) 100vw, 640px\" \/><\/figure>\n\n\n\n<p><\/p>\n\n\n\n<figure class=\"wp-block-gallery has-nested-images columns-default is-cropped wp-block-gallery-1 is-layout-flex wp-block-gallery-is-layout-flex\">\n<figure class=\"wp-block-image size-large\"><img loading=\"lazy\" decoding=\"async\" width=\"1024\" height=\"620\" data-id=\"3117\" src=\"https:\/\/awo-niederaussem.de\/wp-content\/uploads\/2025\/03\/2025-Karte-Sammelbereiche-Aktionstag-2-1024x620.jpeg\" alt=\"\" class=\"wp-image-3117\" srcset=\"https:\/\/awo-niederaussem.de\/wp-content\/uploads\/2025\/03\/2025-Karte-Sammelbereiche-Aktionstag-2-1024x620.jpeg 1024w, https:\/\/awo-niederaussem.de\/wp-content\/uploads\/2025\/03\/2025-Karte-Sammelbereiche-Aktionstag-2-300x182.jpeg 300w, https:\/\/awo-niederaussem.de\/wp-content\/uploads\/2025\/03\/2025-Karte-Sammelbereiche-Aktionstag-2-768x465.jpeg 768w, https:\/\/awo-niederaussem.de\/wp-content\/uploads\/2025\/03\/2025-Karte-Sammelbereiche-Aktionstag-2-1536x931.jpeg 1536w, https:\/\/awo-niederaussem.de\/wp-content\/uploads\/2025\/03\/2025-Karte-Sammelbereiche-Aktionstag-2.jpeg 1558w\" sizes=\"auto, (max-width: 1024px) 100vw, 1024px\" \/><\/figure>\n\n\n\n<figure class=\"wp-block-image size-large\"><img loading=\"lazy\" decoding=\"async\" width=\"640\" height=\"360\" data-id=\"3112\" src=\"https:\/\/awo-niederaussem.de\/wp-content\/uploads\/2025\/03\/k-2025-03-08-Aktionstag-1.jpeg\" alt=\"\" class=\"wp-image-3112\" srcset=\"https:\/\/awo-niederaussem.de\/wp-content\/uploads\/2025\/03\/k-2025-03-08-Aktionstag-1.jpeg 640w, https:\/\/awo-niederaussem.de\/wp-content\/uploads\/2025\/03\/k-2025-03-08-Aktionstag-1-300x169.jpeg 300w\" sizes=\"auto, (max-width: 640px) 100vw, 640px\" \/><\/figure>\n\n\n\n<figure class=\"wp-block-image size-large\"><img loading=\"lazy\" decoding=\"async\" width=\"640\" height=\"360\" data-id=\"3113\" src=\"https:\/\/awo-niederaussem.de\/wp-content\/uploads\/2025\/03\/k-2025-03-08-Aktionstag-2.jpeg\" alt=\"\" class=\"wp-image-3113\" srcset=\"https:\/\/awo-niederaussem.de\/wp-content\/uploads\/2025\/03\/k-2025-03-08-Aktionstag-2.jpeg 640w, https:\/\/awo-niederaussem.de\/wp-content\/uploads\/2025\/03\/k-2025-03-08-Aktionstag-2-300x169.jpeg 300w\" sizes=\"auto, (max-width: 640px) 100vw, 640px\" \/><\/figure>\n\n\n\n<figure class=\"wp-block-image size-large\"><img loading=\"lazy\" decoding=\"async\" width=\"640\" height=\"360\" data-id=\"3118\" src=\"https:\/\/awo-niederaussem.de\/wp-content\/uploads\/2025\/03\/k-2025-03-08-Aktionstag-4.jpeg\" alt=\"\" class=\"wp-image-3118\" srcset=\"https:\/\/awo-niederaussem.de\/wp-content\/uploads\/2025\/03\/k-2025-03-08-Aktionstag-4.jpeg 640w, https:\/\/awo-niederaussem.de\/wp-content\/uploads\/2025\/03\/k-2025-03-08-Aktionstag-4-300x169.jpeg 300w\" sizes=\"auto, (max-width: 640px) 100vw, 640px\" \/><\/figure>\n\n\n\n<figure class=\"wp-block-image size-large\"><img loading=\"lazy\" decoding=\"async\" width=\"705\" height=\"1024\" data-id=\"3128\" src=\"https:\/\/awo-niederaussem.de\/wp-content\/uploads\/2025\/03\/Bildschirmfoto-2025-03-12-um-08.55.10-705x1024.png\" alt=\"\" class=\"wp-image-3128\" srcset=\"https:\/\/awo-niederaussem.de\/wp-content\/uploads\/2025\/03\/Bildschirmfoto-2025-03-12-um-08.55.10-705x1024.png 705w, https:\/\/awo-niederaussem.de\/wp-content\/uploads\/2025\/03\/Bildschirmfoto-2025-03-12-um-08.55.10-206x300.png 206w, https:\/\/awo-niederaussem.de\/wp-content\/uploads\/2025\/03\/Bildschirmfoto-2025-03-12-um-08.55.10-768x1116.png 768w, https:\/\/awo-niederaussem.de\/wp-content\/uploads\/2025\/03\/Bildschirmfoto-2025-03-12-um-08.55.10.png 966w\" sizes=\"auto, (max-width: 705px) 100vw, 705px\" \/><\/figure>\n<\/figure>\n\n\n\n<p><\/p>\n\n\n\n<figure class=\"wp-block-image size-full is-resized\"><img loading=\"lazy\" decoding=\"async\" width=\"640\" height=\"454\" src=\"https:\/\/awo-niederaussem.de\/wp-content\/uploads\/2025\/03\/k-2025-03-08-Aktionstag-14-1.jpeg\" alt=\"\" class=\"wp-image-3124\" style=\"width:840px;height:auto\" srcset=\"https:\/\/awo-niederaussem.de\/wp-content\/uploads\/2025\/03\/k-2025-03-08-Aktionstag-14-1.jpeg 640w, https:\/\/awo-niederaussem.de\/wp-content\/uploads\/2025\/03\/k-2025-03-08-Aktionstag-14-1-300x213.jpeg 300w\" sizes=\"auto, (max-width: 640px) 100vw, 640px\" \/><\/figure>\n\n\n\n<figure class=\"wp-block-image size-full is-resized\"><img loading=\"lazy\" decoding=\"async\" width=\"480\" height=\"640\" src=\"https:\/\/awo-niederaussem.de\/wp-content\/uploads\/2025\/03\/k-2025-03-08-Aktionstag-15-1.jpeg\" alt=\"\" class=\"wp-image-3126\" style=\"width:840px;height:auto\" srcset=\"https:\/\/awo-niederaussem.de\/wp-content\/uploads\/2025\/03\/k-2025-03-08-Aktionstag-15-1.jpeg 480w, https:\/\/awo-niederaussem.de\/wp-content\/uploads\/2025\/03\/k-2025-03-08-Aktionstag-15-1-225x300.jpeg 225w\" sizes=\"auto, (max-width: 480px) 100vw, 480px\" \/><\/figure>\n\n\n\n<figure class=\"wp-block-image size-large\"><img loading=\"lazy\" decoding=\"async\" width=\"1024\" height=\"743\" src=\"https:\/\/awo-niederaussem.de\/wp-content\/uploads\/2025\/03\/Bildschirmfoto-2025-03-12-um-08.55.53-1024x743.png\" alt=\"\" class=\"wp-image-3130\" srcset=\"https:\/\/awo-niederaussem.de\/wp-content\/uploads\/2025\/03\/Bildschirmfoto-2025-03-12-um-08.55.53-1024x743.png 1024w, https:\/\/awo-niederaussem.de\/wp-content\/uploads\/2025\/03\/Bildschirmfoto-2025-03-12-um-08.55.53-300x218.png 300w, https:\/\/awo-niederaussem.de\/wp-content\/uploads\/2025\/03\/Bildschirmfoto-2025-03-12-um-08.55.53-768x558.png 768w, https:\/\/awo-niederaussem.de\/wp-content\/uploads\/2025\/03\/Bildschirmfoto-2025-03-12-um-08.55.53-1536x1115.png 1536w, https:\/\/awo-niederaussem.de\/wp-content\/uploads\/2025\/03\/Bildschirmfoto-2025-03-12-um-08.55.53.png 1934w\" sizes=\"auto, (max-width: 1024px) 100vw, 1024px\" \/><\/figure>\n\n\n\n<figure class=\"wp-block-image size-large\"><img loading=\"lazy\" decoding=\"async\" width=\"1024\" height=\"477\" src=\"https:\/\/awo-niederaussem.de\/wp-content\/uploads\/2025\/03\/Bildschirmfoto-2025-03-12-um-08.56.15-1024x477.png\" alt=\"\" class=\"wp-image-3131\" srcset=\"https:\/\/awo-niederaussem.de\/wp-content\/uploads\/2025\/03\/Bildschirmfoto-2025-03-12-um-08.56.15-1024x477.png 1024w, https:\/\/awo-niederaussem.de\/wp-content\/uploads\/2025\/03\/Bildschirmfoto-2025-03-12-um-08.56.15-300x140.png 300w, https:\/\/awo-niederaussem.de\/wp-content\/uploads\/2025\/03\/Bildschirmfoto-2025-03-12-um-08.56.15-768x357.png 768w, https:\/\/awo-niederaussem.de\/wp-content\/uploads\/2025\/03\/Bildschirmfoto-2025-03-12-um-08.56.15-1536x715.png 1536w, https:\/\/awo-niederaussem.de\/wp-content\/uploads\/2025\/03\/Bildschirmfoto-2025-03-12-um-08.56.15.png 1934w\" sizes=\"auto, (max-width: 1024px) 100vw, 1024px\" \/><\/figure>\n\n\n\n<figure class=\"wp-block-image size-large\"><img loading=\"lazy\" decoding=\"async\" width=\"1024\" height=\"831\" src=\"https:\/\/awo-niederaussem.de\/wp-content\/uploads\/2025\/03\/Bildschirmfoto-2025-03-12-um-08.56.35-1024x831.png\" alt=\"\" class=\"wp-image-3132\" srcset=\"https:\/\/awo-niederaussem.de\/wp-content\/uploads\/2025\/03\/Bildschirmfoto-2025-03-12-um-08.56.35-1024x831.png 1024w, https:\/\/awo-niederaussem.de\/wp-content\/uploads\/2025\/03\/Bildschirmfoto-2025-03-12-um-08.56.35-300x243.png 300w, https:\/\/awo-niederaussem.de\/wp-content\/uploads\/2025\/03\/Bildschirmfoto-2025-03-12-um-08.56.35-768x623.png 768w, https:\/\/awo-niederaussem.de\/wp-content\/uploads\/2025\/03\/Bildschirmfoto-2025-03-12-um-08.56.35-1536x1246.png 1536w, https:\/\/awo-niederaussem.de\/wp-content\/uploads\/2025\/03\/Bildschirmfoto-2025-03-12-um-08.56.35.png 1652w\" sizes=\"auto, (max-width: 1024px) 100vw, 1024px\" \/><\/figure>\n\n\n\n<figure class=\"wp-block-image size-large\"><img loading=\"lazy\" decoding=\"async\" width=\"1024\" height=\"782\" src=\"https:\/\/awo-niederaussem.de\/wp-content\/uploads\/2025\/03\/Bildschirmfoto-2025-03-12-um-08.56.50-1024x782.png\" alt=\"\" class=\"wp-image-3133\" srcset=\"https:\/\/awo-niederaussem.de\/wp-content\/uploads\/2025\/03\/Bildschirmfoto-2025-03-12-um-08.56.50-1024x782.png 1024w, https:\/\/awo-niederaussem.de\/wp-content\/uploads\/2025\/03\/Bildschirmfoto-2025-03-12-um-08.56.50-300x229.png 300w, https:\/\/awo-niederaussem.de\/wp-content\/uploads\/2025\/03\/Bildschirmfoto-2025-03-12-um-08.56.50-768x587.png 768w, https:\/\/awo-niederaussem.de\/wp-content\/uploads\/2025\/03\/Bildschirmfoto-2025-03-12-um-08.56.50-1536x1173.png 1536w, https:\/\/awo-niederaussem.de\/wp-content\/uploads\/2025\/03\/Bildschirmfoto-2025-03-12-um-08.56.50.png 1754w\" sizes=\"auto, (max-width: 1024px) 100vw, 1024px\" \/><\/figure>\n","protected":false},"excerpt":{"rendered":"<p>Nit quatsche sondern &#8222;MACHE&#8220;, ist unser Motto seit 2005. Der AWO OV Niederau\u00dfem-Auenheim e.V. beteiligt sich nun seit zwanzig Jahren regelm\u00e4\u00dfig bei der Aktion &#8222;Saubere Stadt&#8220;. Es macht einen nachdenklich bei den ganzen Abf\u00e4llen die man so findet. Von dem Flachmann an der Kasse gekauft, der f\u00fcnfzig Meter weiter in der B\u00f6schung fliegt. Die Verpackungen [&hellip;]<\/p>\n","protected":false},"author":1,"featured_media":3118,"comment_status":"closed","ping_status":"closed","sticky":false,"template":"","format":"standard","meta":{"footnotes":""},"categories":[14],"tags":[],"class_list":["post-3111","post","type-post","status-publish","format-standard","has-post-thumbnail","hentry","category-archiv"],"_links":{"self":[{"href":"https:\/\/awo-niederaussem.de\/index.php?rest_route=\/wp\/v2\/posts\/3111","targetHints":{"allow":["GET"]}}],"collection":[{"href":"https:\/\/awo-niederaussem.de\/index.php?rest_route=\/wp\/v2\/posts"}],"about":[{"href":"https:\/\/awo-niederaussem.de\/index.php?rest_route=\/wp\/v2\/types\/post"}],"author":[{"embeddable":true,"href":"https:\/\/awo-niederaussem.de\/index.php?rest_route=\/wp\/v2\/users\/1"}],"replies":[{"embeddable":true,"href":"https:\/\/awo-niederaussem.de\/index.php?rest_route=%2Fwp%2Fv2%2Fcomments&post=3111"}],"version-history":[{"count":5,"href":"https:\/\/awo-niederaussem.de\/index.php?rest_route=\/wp\/v2\/posts\/3111\/revisions"}],"predecessor-version":[{"id":3137,"href":"https:\/\/awo-niederaussem.de\/index.php?rest_route=\/wp\/v2\/posts\/3111\/revisions\/3137"}],"wp:featuredmedia":[{"embeddable":true,"href":"https:\/\/awo-niederaussem.de\/index.php?rest_route=\/wp\/v2\/media\/3118"}],"wp:attachment":[{"href":"https:\/\/awo-niederaussem.de\/index.php?rest_route=%2Fwp%2Fv2%2Fmedia&parent=3111"}],"wp:term":[{"taxonomy":"category","embeddable":true,"href":"https:\/\/awo-niederaussem.de\/index.php?rest_route=%2Fwp%2Fv2%2Fcategories&post=3111"},{"taxonomy":"post_tag","embeddable":true,"href":"https:\/\/awo-niederaussem.de\/index.php?rest_route=%2Fwp%2Fv2%2Ftags&post=3111"}],"curies":[{"name":"wp","href":"https:\/\/api.w.org\/{rel}","templated":true}]}}